{"id":5471,"date":"2025-01-18T11:43:21","date_gmt":"2025-01-18T11:43:21","guid":{"rendered":"https:\/\/renegraeber.de\/blog\/?p=5471"},"modified":"2025-01-20T17:50:21","modified_gmt":"2025-01-20T17:50:21","slug":"friends-for-a-better-world-2025-online-kongress","status":"publish","type":"post","link":"https:\/\/renegraeber.de\/blog\/friends-for-a-better-world-2025-online-kongress\/","title":{"rendered":"Friends for a better world 2025 &#8211; Online Kongress"},"content":{"rendered":"<p>Ich habe f\u00fcr Sie vier spannende Interviews mit sehr interessanten G\u00e4sten gef\u00fchrt.<\/p>\n<p>Diese werden im Rahmen des\u00a0bevorstehenden Online-Festival &#8222;Friends for a better world 2025&#8220; zu sehen sein.<\/p>\n<p>Dieses inspirierende Online Event findet vom\u00a024. Januar bis zum 3. Februar 2025\u00a0statt und bietet eine Plattform f\u00fcr pers\u00f6nliches Wachstum, Gesundheit und Bewusstsein.<\/p>\n<p>W\u00e4hrend des Events werden zahlreiche Experten und Vision\u00e4re ihre Erkenntnisse und Erfahrungen teilen.<\/p>\n<p><strong>Besonders m\u00f6chte ich auf vier Interviews hinweisen, die ich pers\u00f6nlich gef\u00fchrt habe:<\/strong><\/p>\n<p><strong><a href=\"https:\/\/friends-better-world.de\/rgraeber\" target=\"_blank\" rel=\"noopener\"><img decoding=\"async\" class=\"alignleft wp-image-5482 size-thumbnail\" src=\"https:\/\/renegraeber.de\/blog\/wp-content\/uploads\/2025\/01\/bruno-kugel-friends-2025-80x80.png\" alt=\"\" width=\"80\" height=\"80\" srcset=\"https:\/\/renegraeber.de\/blog\/wp-content\/uploads\/2025\/01\/bruno-kugel-friends-2025-80x80.png 80w, https:\/\/renegraeber.de\/blog\/wp-content\/uploads\/2025\/01\/bruno-kugel-friends-2025-36x36.png 36w, https:\/\/renegraeber.de\/blog\/wp-content\/uploads\/2025\/01\/bruno-kugel-friends-2025-180x180.png 180w\" sizes=\"(max-width: 80px) 100vw, 80px\" \/><\/a>Dr. Bruno Kugel:<\/strong> Er teilt sein Wissen \u00fcber die wichtigsten Vitalstoffe f\u00fcr alle Patienten und gibt wertvolle Tipps zur optimalen N\u00e4hrstoffversorgung. Als Doktor der Chemie ist Bruno Kugel ist eine Institution in Sachen Vitalstoffen. Wenn ich etwas zu Vitalstoffen nicht beantworten kann &#8211; Dr. Kugel kann es!<br \/>\n<strong>Sendedatum w\u00e4hrend des Friends-Kongresses am: Dienstag, 28.1.2025<\/strong><\/p>\n<p><strong><a href=\"https:\/\/friends-better-world.de\/rgraeber\" target=\"_blank\" rel=\"noopener\"><img decoding=\"async\" class=\"alignleft wp-image-5483 size-thumbnail\" src=\"https:\/\/renegraeber.de\/blog\/wp-content\/uploads\/2025\/01\/walter-daenzer-Frriends-2025-80x80.png\" alt=\"\" width=\"80\" height=\"80\" srcset=\"https:\/\/renegraeber.de\/blog\/wp-content\/uploads\/2025\/01\/walter-daenzer-Frriends-2025-80x80.png 80w, https:\/\/renegraeber.de\/blog\/wp-content\/uploads\/2025\/01\/walter-daenzer-Frriends-2025-36x36.png 36w, https:\/\/renegraeber.de\/blog\/wp-content\/uploads\/2025\/01\/walter-daenzer-Frriends-2025-180x180.png 180w\" sizes=\"(max-width: 80px) 100vw, 80px\" \/><\/a>Walter D\u00e4nzer:<\/strong> ich wollte eigentlich mit Herrn D\u00e4nzer eigentlich &#8222;nur&#8220; \u00fcber Bio-Lebensmittel sprechen: &#8222;Warum es Bio sein muss und was unsere Welt bewegt&#8220;. Aber dann wurde es eine (zumindest f\u00fcr mich) faszinierende Reise in das Leben eines Mannes, der gro\u00dfe Themen anspricht und auch von L\u00f6sungen erz\u00e4hlt &#8211; am besten Sie sehen sich das selbst an. Auch nach dem Interview sprach ich noch ca. 2 Stunden mit Herrn D\u00e4nzer. Alle Termine dieses Tages kamen v\u00f6llig in Verzug. Aber wenn Sie das Interview sehen, d\u00fcrfte einigen von Ihnen klar sein weshalb&#8230;<br \/>\n<strong>Sendedatum w\u00e4hrend des Friends-Kongresses am: Freitag 31.1.2025<\/strong><\/p>\n<p><strong><a href=\"https:\/\/friends-better-world.de\/rgraeber\" target=\"_blank\" rel=\"noopener\"><img decoding=\"async\" class=\"alignleft wp-image-5484 size-thumbnail\" src=\"https:\/\/renegraeber.de\/blog\/wp-content\/uploads\/2025\/01\/lydia-reutter-friends-2025-80x80.png\" alt=\"\" width=\"80\" height=\"80\" srcset=\"https:\/\/renegraeber.de\/blog\/wp-content\/uploads\/2025\/01\/lydia-reutter-friends-2025-80x80.png 80w, https:\/\/renegraeber.de\/blog\/wp-content\/uploads\/2025\/01\/lydia-reutter-friends-2025-36x36.png 36w, https:\/\/renegraeber.de\/blog\/wp-content\/uploads\/2025\/01\/lydia-reutter-friends-2025-180x180.png 180w\" sizes=\"(max-width: 80px) 100vw, 80px\" \/><\/a>Dr. Lydia Reutter:<\/strong>\u00a0Sie stellt biologische Therapien zur Behandlung von Borreliose und anderen Infektionen vor und zeigt alternative Heilungsmethoden auf. Frau Dr. Reutter vertreibt mit ihrer Firma extrem wirksame Heilpflanzen-Mittel, die ich gerne empfehle und selbst nutze!<br \/>\n<strong>Sendedatum w\u00e4hrend des Friends-Kongresses am: <del>Montag, 3.2.2025 <\/del>Neuer Sendetermin: 29.1.2025<\/strong><\/p>\n<p><strong><a href=\"https:\/\/friends-better-world.de\/rgraeber\" target=\"_blank\" rel=\"noopener\"><img decoding=\"async\" class=\"alignleft wp-image-5485 size-thumbnail\" src=\"https:\/\/renegraeber.de\/blog\/wp-content\/uploads\/2025\/01\/traenkle-Friends-2025-80x80.png\" alt=\"\" width=\"80\" height=\"80\" srcset=\"https:\/\/renegraeber.de\/blog\/wp-content\/uploads\/2025\/01\/traenkle-Friends-2025-80x80.png 80w, https:\/\/renegraeber.de\/blog\/wp-content\/uploads\/2025\/01\/traenkle-Friends-2025-36x36.png 36w, https:\/\/renegraeber.de\/blog\/wp-content\/uploads\/2025\/01\/traenkle-Friends-2025-180x180.png 180w\" sizes=\"(max-width: 80px) 100vw, 80px\" \/><\/a>Arthur Tr\u00e4nkle:<\/strong>\u00a0Er wird \u00fcber die neuesten Entwicklungen in der Frequenzmedizin sprechen und erl\u00e4utern, wie diese Technologie zur Heilung und zum Wohlbefinden beitragen kann.<br \/>\n<strong>Sendedatum w\u00e4hrend des Friends-Kongresses am: Donnerstag, 30.1.2025<\/strong><\/p>\n<p>&nbsp;<\/p>\n<p>Die Teilnahme am Online-Festival ist kostenlos und bietet Ihnen die M\u00f6glichkeit, von zu Hause aus an diesen spannenden Vortr\u00e4gen und Diskussionen teilzunehmen. <strong>Melden Sie sich einfach auf der offiziellen Webseite an:\u00a0<a title=\"\" href=\"https:\/\/friends-better-world.de\/rgraeber\" target=\"_blank\" rel=\"noopener\">FRIENDS FOR A BETTER WORLD<\/a>\u00a0&#8211; oder einfach\u00a0<a title=\"\" draggable=\"false\" href=\"https:\/\/friends-better-world.de\/rgraeber\" target=\"_blank\" rel=\"noopener\">HIER KLICKEN<\/a>.<\/strong><\/p>\n<p>Ich bin \u00fcberzeugt, dass dieses Event wertvolle Impulse f\u00fcr ein gesundes und bewusstes Leben im Jahr 2025 und dar\u00fcber hinaus bietet!<\/p>\n","protected":false},"excerpt":{"rendered":"<p>Ich habe f\u00fcr Sie vier spannende Interviews mit sehr interessanten G\u00e4sten gef\u00fchrt. Diese werden im Rahmen des\u00a0bevorstehenden Online-Festival &#8222;Friends for a better world 2025&#8220; zu sehen sein. Dieses inspirierende Online Event findet vom\u00a024. Januar bis zum 3. Februar 2025\u00a0statt und bietet eine Plattform f\u00fcr pers\u00f6nliches Wachstum, Gesundheit und Bewusstsein. W\u00e4hrend des Events werden zahlreiche Experten [&hellip;]<\/p>\n","protected":false},"author":2,"featured_media":5472,"comment_status":"open","ping_status":"open","sticky":false,"template":"","format":"standard","meta":{"footnotes":""},"categories":[7],"tags":[],"class_list":["post-5471","post","type-post","status-publish","format-standard","has-post-thumbnail","hentry","category-gesundheit"],"_links":{"self":[{"href":"https:\/\/renegraeber.de\/blog\/wp-json\/wp\/v2\/posts\/5471","targetHints":{"allow":["GET"]}}],"collection":[{"href":"https:\/\/renegraeber.de\/blog\/wp-json\/wp\/v2\/posts"}],"about":[{"href":"https:\/\/renegraeber.de\/blog\/wp-json\/wp\/v2\/types\/post"}],"author":[{"embeddable":true,"href":"https:\/\/renegraeber.de\/blog\/wp-json\/wp\/v2\/users\/2"}],"replies":[{"embeddable":true,"href":"https:\/\/renegraeber.de\/blog\/wp-json\/wp\/v2\/comments?post=5471"}],"version-history":[{"count":7,"href":"https:\/\/renegraeber.de\/blog\/wp-json\/wp\/v2\/posts\/5471\/revisions"}],"predecessor-version":[{"id":5490,"href":"https:\/\/renegraeber.de\/blog\/wp-json\/wp\/v2\/posts\/5471\/revisions\/5490"}],"wp:featuredmedia":[{"embeddable":true,"href":"https:\/\/renegraeber.de\/blog\/wp-json\/wp\/v2\/media\/5472"}],"wp:attachment":[{"href":"https:\/\/renegraeber.de\/blog\/wp-json\/wp\/v2\/media?parent=5471"}],"wp:term":[{"taxonomy":"category","embeddable":true,"href":"https:\/\/renegraeber.de\/blog\/wp-json\/wp\/v2\/categories?post=5471"},{"taxonomy":"post_tag","embeddable":true,"href":"https:\/\/renegraeber.de\/blog\/wp-json\/wp\/v2\/tags?post=5471"}],"curies":[{"name":"wp","href":"https:\/\/api.w.org\/{rel}","templated":true}]}}