{"id":3012,"date":"2021-09-24T15:20:24","date_gmt":"2021-09-24T14:20:24","guid":{"rendered":"https:\/\/renegraeber.de\/blog\/?p=3012"},"modified":"2021-09-24T15:20:24","modified_gmt":"2021-09-24T14:20:24","slug":"angeblich-geht-es-um-gesundheit","status":"publish","type":"post","link":"https:\/\/renegraeber.de\/blog\/angeblich-geht-es-um-gesundheit\/","title":{"rendered":"Angeblich geht es um Gesundheit"},"content":{"rendered":"<p>Angeblich geht es um Gesundheit. Und um &#8222;soziale Gerechtigkeit&#8220;. Was f\u00fcr eine Heuchelei.<\/p>\n<p>Die &#8222;moderne Medizin&#8220; macht Fortschritte. Klar. Aber haben wir deswegen weniger chronische Kranke? Weniger Medikamente die genommen werden?<\/p>\n<p><!--more--><\/p>\n<p>Die Kurve der Medikamenten-Einnahme kennt seit Jahrzehnten nur einen Trend: aufw\u00e4rts.<\/p>\n<p>Beispiel:<\/p>\n<p>1991 wurden 341 Millionen Tagesdosen genommen<br \/>\n2017 bereits 645 Millionen Tagesdosen.<\/p>\n<p>Quelle f\u00fcr die &#8222;Faktenchecker&#8220;: Schwabe\/Paffrath, Arzneimittelverordnungsreport.<\/p>\n<p>Es glaubt ja sonst keiner. L\u00e4uft ja alles Bestens. F\u00fcr Big-Pharma sicher.<\/p>\n<p>Aber schaut euch doch mal um. Wer \u00fcber 60 nimmt denn NICHTS? Wer schafft denn noch die Minimal-Anforderungen f\u00fcr das Deutsche Sportabzeichen?<\/p>\n<p>83 Millionen Vitale und Gesunde in Deutschland? Mit Verlaub: eine LACHNUMMER erster Klasse.<\/p>\n<p><strong>\u00dcbrigens: Wenn Sie solche Informationen interessieren, dann fordern Sie unbedingt meinen kostenlosen Praxis-Newsletter dazu an:<\/strong><br \/>\n<script type=\"text\/javascript\" src=\"https:\/\/rene-graeber.de\/view_webform_v2.js?u=v9&#038;webforms_id=pDDkW\"><\/script><\/p>\n<p>Mehr als jeder Zweite \u00fcber 65 gilt als chronisch krank (Uni Frankfurt). 15 Milliarden Euro werden pro Jahr alleine f\u00fcr Demenzkranke ausgegeben. Nur 4% der Bev\u00f6lkerung sind \u00fcberhaupt OHNE Gesundheitsprobleme, ein Drittel hat mehr als 5 Probleme! (Global Burden Disease Study)<\/p>\n<p>Was nehmen unsere Regierungsvertreter eigentlich f\u00fcr Medikamente?<\/p>\n<p>Diese &#8222;Experten&#8220; wollen uns erz\u00e4hlen, wie Gesundheit geht?<\/p>\n<p>Klar. Immer gerne. Noch einmal Bratwurst bitte.<\/p>\n<p>43% Anstieg des Diabetes von 1990 bis 2013.<br \/>\n9,6 Millionen Menschen mit Behinderungen in Deutschland.<\/p>\n<p>In den letzten 20 Monaten wurden viele Fakten an die Oberfl\u00e4che gesp\u00fclt. Es kann eigentlich niemand mehr behaupten, er oder sie h\u00e4tte von &#8222;nichts&#8220; geh\u00f6rt.<\/p>\n<p>Studien und Fakten sollen es ja sein. Klar. Vor fast 20 Jahren wies der Lancet-Herausgeber Richard Horton bereits darauf hin, dass die Pharmaindustrie inzwischen massiven Druck auf die Fachmagazine aus\u00fcbt, damit diese drucken, was die Pharmaindustrie bereit ist zu zahlen. Die Strategie dazu l\u00e4uft \u00fcber den Kauf und\/oder Finanzierung von Reprints ab, welche die Pharmaindustrie nur<br \/>\ndann bezahlt, wenn die Fachzeitschrift die Studienergebnisse druckt, die der Firma genehm sind.<\/p>\n<p>Alles klar? Nein?<\/p>\n<p>Na: So l\u00e4uft das &#8222;Spiel&#8220;:<\/p>\n<p>Die aufgekauften Reprints werden dann von der Pharmafirma an die Krankenhaus- und niedergelassenen \u00c4rzte verteilt. Sie dienen als Beleg, dass das neue (manchmal auch das uralte) Medikament von einer vertrauensw\u00fcrdigen, unparteilichen, wissenschaftlich neutralen Quelle (n\u00e4mlich der Fachzeitschrift), bef\u00fcrwortet wird.<br \/>\nWelcher Therapeut kann sich dann einer solchen Argumentation verschlie\u00dfen? Viele werden geneigt sein, das neue Pr\u00e4parat (zumindest mal probehalber) einzusetzen. Der wichtige erste Schritt f\u00fcr die Vermarktung eines neuen Pr\u00e4parates w\u00e4re aus Pharma-Sicht somit getan: Der Arzt hat angebissen.<\/p>\n<p>Heute hat man nicht nur diese Verlage &#8222;in der Tasche&#8220;, sondern noch viel mehr &#8222;Organe&#8220;.<\/p>\n<p><strong>\u00dcbrigens: Wenn Sie solche Informationen interessieren, dann fordern Sie unbedingt meinen kostenlosen Praxis-Newsletter &#8222;Unabh\u00e4ngig. Nat\u00fcrlich. Klare Kante.&#8220; dazu an:<\/strong><br \/>\n<script type=\"text\/javascript\" src=\"https:\/\/rene-graeber.de\/view_webform_v2.js?u=v9&#038;webforms_id=pL1KE\"><\/script><\/p>\n","protected":false},"excerpt":{"rendered":"<p>Angeblich geht es um Gesundheit. Und um &#8222;soziale Gerechtigkeit&#8220;. Was f\u00fcr eine Heuchelei. Die &#8222;moderne Medizin&#8220; macht Fortschritte. Klar. Aber haben wir deswegen weniger chronische Kranke? Weniger Medikamente die genommen werden?<\/p>\n","protected":false},"author":1,"featured_media":3013,"comment_status":"open","ping_status":"open","sticky":false,"template":"","format":"standard","meta":{"footnotes":""},"categories":[32],"tags":[],"class_list":["post-3012","post","type-post","status-publish","format-standard","has-post-thumbnail","hentry","category-allgemein"],"_links":{"self":[{"href":"https:\/\/renegraeber.de\/blog\/wp-json\/wp\/v2\/posts\/3012","targetHints":{"allow":["GET"]}}],"collection":[{"href":"https:\/\/renegraeber.de\/blog\/wp-json\/wp\/v2\/posts"}],"about":[{"href":"https:\/\/renegraeber.de\/blog\/wp-json\/wp\/v2\/types\/post"}],"author":[{"embeddable":true,"href":"https:\/\/renegraeber.de\/blog\/wp-json\/wp\/v2\/users\/1"}],"replies":[{"embeddable":true,"href":"https:\/\/renegraeber.de\/blog\/wp-json\/wp\/v2\/comments?post=3012"}],"version-history":[{"count":0,"href":"https:\/\/renegraeber.de\/blog\/wp-json\/wp\/v2\/posts\/3012\/revisions"}],"wp:featuredmedia":[{"embeddable":true,"href":"https:\/\/renegraeber.de\/blog\/wp-json\/wp\/v2\/media\/3013"}],"wp:attachment":[{"href":"https:\/\/renegraeber.de\/blog\/wp-json\/wp\/v2\/media?parent=3012"}],"wp:term":[{"taxonomy":"category","embeddable":true,"href":"https:\/\/renegraeber.de\/blog\/wp-json\/wp\/v2\/categories?post=3012"},{"taxonomy":"post_tag","embeddable":true,"href":"https:\/\/renegraeber.de\/blog\/wp-json\/wp\/v2\/tags?post=3012"}],"curies":[{"name":"wp","href":"https:\/\/api.w.org\/{rel}","templated":true}]}}