{"id":3004,"date":"2021-09-22T15:14:27","date_gmt":"2021-09-22T14:14:27","guid":{"rendered":"https:\/\/renegraeber.de\/blog\/?p=3004"},"modified":"2021-09-22T15:14:27","modified_gmt":"2021-09-22T14:14:27","slug":"die-derzeitige-stigmatisierung-ist-erschuetternd","status":"publish","type":"post","link":"https:\/\/renegraeber.de\/blog\/die-derzeitige-stigmatisierung-ist-erschuetternd\/","title":{"rendered":"Die derzeitige Stigmatisierung ist ersch\u00fctternd"},"content":{"rendered":"<p>Dass diejenigen, die die &#8222;Ma\u00dfnahmen&#8220; und die Spaltung in unserem Land zu verantworten haben, die Kritiker ihrer &#8222;Ma\u00dfnahmen&#8220; mit dem Mord in Idar-Oberstein in Verbindung bringen wollen, zeigt einmal mehr wie das Narrativ und die Spaltung aufrecht erhalten werden soll.<\/p>\n<p><!--more--><\/p>\n<p>Olaf Scholz (ein angeblicher Sozialdemkrat) schreibt auf Twitter: &#8222;Das ist eine richtige Entscheidung: Ungeimpfte in Quarant\u00e4ne erhalten keine Lohnfortzahlung, da es l\u00e4ngst gen\u00fcgend Impfstoff gibt. Mir ist wichtig: Die Lohnfortzahlung bei Krankheit wird es weiter geben und die, die sich nicht impfen lassen k\u00f6nnen, werden weiter entsch\u00e4digt.&#8220;<\/p>\n<p><strong>\u00dcbrigens: Wenn Sie solche Informationen interessieren, dann fordern Sie unbedingt meinen kostenlosen Praxis-Newsletter dazu an:<\/strong><br \/>\n<script type=\"text\/javascript\" src=\"https:\/\/rene-graeber.de\/view_webform_v2.js?u=v9&#038;webforms_id=pDDkW\"><\/script><\/p>\n<p>Als Antwort auf seinen Tweet erh\u00e4lt Herr Scholz von @FrankfurtZack:<br \/>\n&#8222;Das ist eine richtige Entscheidung: HIV-positive erhalten keine Lohnfortzahlung, da es l\u00e4ngst gen\u00fcgend Kondome gibt. Mir ist wichtig: Die, die eine Latexallergie haben, werden weiter entsch\u00e4digt.&#8220;<\/p>\n<p><strong>Das ist die &#8222;Neue Normalit\u00e4t&#8220; oder besser &#8222;Neue Gerechtigkeit&#8220;.<\/strong><\/p>\n<p>Restaurantg\u00e4ste zeigen ihre Wirte an (meist anonym), weil man ihr Spritz-Zertifikat nicht gepr\u00fcft hat.<\/p>\n<p>Vielleicht sollten sich die Gespritzten mal die Pathologie-Konferenz ansehen<\/p>\n<ul>\n<li><a href=\"https:\/\/www.pathologie-konferenz.de\" target=\"_blank\" rel=\"noopener\">https:\/\/www.pathologie-konferenz.de<\/a><\/li>\n<\/ul>\n<p><a href=\"https:\/\/www.pathologie-konferenz.de\" target=\"_blank\" rel=\"noopener\"><img decoding=\"async\" class=\"wp-image-3006 size-full aligncenter\" src=\"https:\/\/renegraeber.de\/blog\/wp-content\/uploads\/2021\/09\/pathologie-konferenz.jpg\" alt=\"\" width=\"587\" height=\"373\" srcset=\"https:\/\/renegraeber.de\/blog\/wp-content\/uploads\/2021\/09\/pathologie-konferenz.jpg 587w, https:\/\/renegraeber.de\/blog\/wp-content\/uploads\/2021\/09\/pathologie-konferenz-300x191.jpg 300w\" sizes=\"(max-width: 587px) 100vw, 587px\" \/><\/a><\/p>\n<div dir=\"auto\">Gestandene Pathologen mit \u00fcber 30 Jahren Berufserfahrung berichten. Die Pr\u00e4sentation ist auch downloadbar.<\/div>\n<div dir=\"auto\"><\/div>\n<div dir=\"auto\"><a href=\"https:\/\/renegraeber.de\/blog\/wp-content\/uploads\/2021\/09\/dunkelfeld-impfung.jpg\"><img decoding=\"async\" class=\"wp-image-3007 size-full aligncenter\" src=\"https:\/\/renegraeber.de\/blog\/wp-content\/uploads\/2021\/09\/dunkelfeld-impfung-e1632492798511.jpg\" alt=\"\" width=\"1182\" height=\"606\" srcset=\"https:\/\/renegraeber.de\/blog\/wp-content\/uploads\/2021\/09\/dunkelfeld-impfung-e1632492798511.jpg 1182w, https:\/\/renegraeber.de\/blog\/wp-content\/uploads\/2021\/09\/dunkelfeld-impfung-e1632492798511-300x154.jpg 300w, https:\/\/renegraeber.de\/blog\/wp-content\/uploads\/2021\/09\/dunkelfeld-impfung-e1632492798511-1030x528.jpg 1030w, https:\/\/renegraeber.de\/blog\/wp-content\/uploads\/2021\/09\/dunkelfeld-impfung-e1632492798511-768x394.jpg 768w, https:\/\/renegraeber.de\/blog\/wp-content\/uploads\/2021\/09\/dunkelfeld-impfung-e1632492798511-705x361.jpg 705w\" sizes=\"(max-width: 1182px) 100vw, 1182px\" \/><\/a><\/div>\n<div dir=\"auto\"><\/div>\n<div dir=\"auto\">\n<p>Bei Youtube ist diese Konferenz bereits schon &#8222;zensiert&#8220;.<\/p>\n<\/div>\n<p>Nat\u00fcrlich w\u00fcrde ich dann auch jeden Strohhalm ergreifen, der es mir erlaubt, das dort dargestellte anzuzweifeln, denn ansonsten m\u00fcsste ich in pure Panik verfallen. Denn: selbst bei gesunden Sportlern zeigen sich pathologische Ver\u00e4nderungen?<\/p>\n<ul>\n<li>Eigentlich m\u00fcssten alle Spritzen-Bef\u00fcrworter sofort mehr Odbuktionen und Aufkl\u00e4rung fordern.<\/li>\n<li>Eigentlich m\u00fcssten alle Spritzen-Gegner \/ Skeptiker sofort mehr Odbuktionen und Aufkl\u00e4rung fordern.<\/li>\n<\/ul>\n<p>Aber was passiert? Schweigen und negieren. Youtube l\u00f6scht (nat\u00fcrlich). Erste fb-Leser berichten mir dass diese auf facebook gesperrt wurden, weil sie das Video teilten.<\/p>\n<p>Irgendjemand hat doch mal einen Amtseid abgelegt &#8222;Schaden vom Deutschen Volk abzuwenden&#8220;?<\/p>\n<p>D\u00e4nemark hat ge\u00f6ffnet! KEINE Ma\u00dfnahmen!<\/p>\n<ul>\n<li><a href=\"https:\/\/naturheilt.com\/blog\/freiheit-daenemark-ohne-corona-massnahmen\/\" target=\"_blank\" rel=\"noopener\">https:\/\/naturheilt.com\/blog\/freiheit-daenemark-ohne-corona-massnahmen\/<\/a><\/li>\n<\/ul>\n<p>Was brachten die Lockdowns?<\/p>\n<ul>\n<li><a href=\"https:\/\/www.yamedo.de\/blog\/lockdown-studien-meinungen\/\" target=\"_blank\" rel=\"noopener\">https:\/\/www.yamedo.de\/blog\/lockdown-studien-meinungen\/<\/a><\/li>\n<\/ul>\n<p>Dazu die Intensivbettenl\u00fcge, Belegungszahlen der Krankenh\u00e4user in 2020 auf einem Allzeittief, usw. usw.<\/p>\n<p><a href=\"https:\/\/renegraeber.de\/blog\/wp-content\/uploads\/2021\/06\/BILD-Horrorzahlen-intensivbetten-gefaelscht.jpg\"><img decoding=\"async\" class=\"size-full wp-image-2939 aligncenter\" src=\"https:\/\/renegraeber.de\/blog\/wp-content\/uploads\/2021\/06\/BILD-Horrorzahlen-intensivbetten-gefaelscht.jpg\" alt=\"BILD Zeitung am 11.6.21 Zahlen bei Intensivbetten gef\u00e4lscht\" width=\"1160\" height=\"704\" \/><\/a><\/p>\n<p>Und BIG Pharma l\u00e4sst einen Sektkorken nach dem anderen knallen&#8230; Gewinne wie nie&#8230;<\/p>\n<p><strong>\u00dcbrigens: Wenn Sie solche Informationen interessieren, dann fordern Sie unbedingt meinen kostenlosen Praxis-Newsletter &#8222;Unabh\u00e4ngig. Nat\u00fcrlich. Klare Kante.&#8220; dazu an:<\/strong><br \/>\n<script type=\"text\/javascript\" src=\"https:\/\/rene-graeber.de\/view_webform_v2.js?u=v9&#038;webforms_id=pL1KE\"><\/script><\/p>\n","protected":false},"excerpt":{"rendered":"<p>Dass diejenigen, die die &#8222;Ma\u00dfnahmen&#8220; und die Spaltung in unserem Land zu verantworten haben, die Kritiker ihrer &#8222;Ma\u00dfnahmen&#8220; mit dem Mord in Idar-Oberstein in Verbindung bringen wollen, zeigt einmal mehr wie das Narrativ und die Spaltung aufrecht erhalten werden soll.<\/p>\n","protected":false},"author":1,"featured_media":3005,"comment_status":"open","ping_status":"open","sticky":false,"template":"","format":"standard","meta":{"footnotes":""},"categories":[32],"tags":[],"class_list":["post-3004","post","type-post","status-publish","format-standard","has-post-thumbnail","hentry","category-allgemein"],"_links":{"self":[{"href":"https:\/\/renegraeber.de\/blog\/wp-json\/wp\/v2\/posts\/3004","targetHints":{"allow":["GET"]}}],"collection":[{"href":"https:\/\/renegraeber.de\/blog\/wp-json\/wp\/v2\/posts"}],"about":[{"href":"https:\/\/renegraeber.de\/blog\/wp-json\/wp\/v2\/types\/post"}],"author":[{"embeddable":true,"href":"https:\/\/renegraeber.de\/blog\/wp-json\/wp\/v2\/users\/1"}],"replies":[{"embeddable":true,"href":"https:\/\/renegraeber.de\/blog\/wp-json\/wp\/v2\/comments?post=3004"}],"version-history":[{"count":0,"href":"https:\/\/renegraeber.de\/blog\/wp-json\/wp\/v2\/posts\/3004\/revisions"}],"wp:featuredmedia":[{"embeddable":true,"href":"https:\/\/renegraeber.de\/blog\/wp-json\/wp\/v2\/media\/3005"}],"wp:attachment":[{"href":"https:\/\/renegraeber.de\/blog\/wp-json\/wp\/v2\/media?parent=3004"}],"wp:term":[{"taxonomy":"category","embeddable":true,"href":"https:\/\/renegraeber.de\/blog\/wp-json\/wp\/v2\/categories?post=3004"},{"taxonomy":"post_tag","embeddable":true,"href":"https:\/\/renegraeber.de\/blog\/wp-json\/wp\/v2\/tags?post=3004"}],"curies":[{"name":"wp","href":"https:\/\/api.w.org\/{rel}","templated":true}]}}