{"id":2951,"date":"2021-07-05T19:37:54","date_gmt":"2021-07-05T18:37:54","guid":{"rendered":"https:\/\/renegraeber.de\/blog\/?p=2951"},"modified":"2021-07-05T19:37:54","modified_gmt":"2021-07-05T18:37:54","slug":"juli-2021-der-corona-wahnsinn-laeuft-weiter","status":"publish","type":"post","link":"https:\/\/renegraeber.de\/blog\/juli-2021-der-corona-wahnsinn-laeuft-weiter\/","title":{"rendered":"Juli 2021 &#8211; Der Corona Wahnsinn l\u00e4uft weiter"},"content":{"rendered":"<p>Tja &#8211; wie weit sind wir gekommen im Juli 2021 in Sachen Corona?<\/p>\n<p><!--more--><\/p>\n<p>Geimpfte haben Angst vor Ungeimpften &#8211; Wieso eigentlich?<\/p>\n<p>Ungeimpfte haben Angst vor Geimpften &#8211; wegen der Spike Proteine. Ich halte das immer noch f\u00fcr unwahrscheinlich, siehe mein Beitrag:<\/p>\n<ul>\n<li><a href=\"https:\/\/freie-impfentscheidung.de\/geimpfte-gefaehrlich-spike-proteine\/\" target=\"_blank\" rel=\"noopener\">https:\/\/freie-impfentscheidung.de\/geimpfte-gefaehrlich-spike-proteine\/<\/a><\/li>\n<\/ul>\n<p>&#8230; aber es gibt mittlerweile weitere Hinweise dazu &#8230;<\/p>\n<p>Den meisten Menschen fehlt es einfach an einer vern\u00fcnftigen Risiko-Absch\u00e4tzung bez\u00fcglich ihres eigenen Risikos. Jeder wei\u00df inzwischen was eine ffp-2 Makse ist, wei\u00df aber wenig dar\u00fcber was da f\u00fcr ein Masken-Unsinn betrieben wird:<\/p>\n<ul>\n<li><a href=\"https:\/\/www.yamedo.de\/blog\/maskenwahn-ffp2\/\" target=\"_blank\" rel=\"noopener\">https:\/\/www.yamedo.de\/blog\/maskenwahn-ffp2\/<\/a><\/li>\n<\/ul>\n<p>Vom Immunsystem, wie man es st\u00e4rkt und was Pathogenit\u00e4t und Virulenz wirklich bedeuten, wei\u00df auch kaum einer was:<\/p>\n<ul>\n<li><a href=\"https:\/\/www.renegraeber.de\/pathogenitaet-virulenz.html\" target=\"_blank\" rel=\"noopener\">https:\/\/www.renegraeber.de\/pathogenitaet-virulenz.html<\/a><\/li>\n<\/ul>\n<p><strong>\u00dcbrigens: Wenn Sie solche Informationen interessieren, dann fordern Sie unbedingt meinen kostenlosen Praxis-Newsletter dazu an:<\/strong><br \/>\n<script type=\"text\/javascript\" src=\"https:\/\/rene-graeber.de\/view_webform_v2.js?u=v9&#038;webforms_id=pDDkW\"><\/script><\/p>\n<h2>Wie sieht es denn derzeit aus?<\/h2>\n<p><strong>Das Durchschnittsalter der an Covid Verstorbenen liegt immer noch bei 84 Jahren<\/strong> &#8211; also \u00fcber der durchschnittlichen Lebenserwartung der Deutschen.<\/p>\n<p><strong>Gestern an Covid in Deutschland verstorben gemeldet: 1 Person; vor zwei Tagen 10 Personen.<\/strong> Die Sterbekurve der Deutschen gem. statistischem Bundesamt: unauff\u00e4llig, auch wenn es im Sonderbericht anders dargestellt werden soll:<\/p>\n<ul>\n<li><a href=\"https:\/\/www.yamedo.de\/blog\/sonderauswertung-statistisches-bundesamt\/\" target=\"_blank\" rel=\"noopener\">https:\/\/www.yamedo.de\/blog\/sonderauswertung-statistisches-bundesamt\/<\/a><\/li>\n<\/ul>\n<p><a href=\"https:\/\/renegraeber.de\/blog\/wp-content\/uploads\/2021\/07\/2021-07-05-20_42_52-Sonderauswertung-zu-Sterbefallzahlen-der-Jahre-2020_2021-Statistisches-Bundesamt.png\"><img decoding=\"async\" class=\"aligncenter size-full wp-image-2954\" src=\"https:\/\/renegraeber.de\/blog\/wp-content\/uploads\/2021\/07\/2021-07-05-20_42_52-Sonderauswertung-zu-Sterbefallzahlen-der-Jahre-2020_2021-Statistisches-Bundesamt.png\" alt=\"Sterbefallzahlen Deutschland\" width=\"950\" height=\"421\" srcset=\"https:\/\/renegraeber.de\/blog\/wp-content\/uploads\/2021\/07\/2021-07-05-20_42_52-Sonderauswertung-zu-Sterbefallzahlen-der-Jahre-2020_2021-Statistisches-Bundesamt.png 950w, https:\/\/renegraeber.de\/blog\/wp-content\/uploads\/2021\/07\/2021-07-05-20_42_52-Sonderauswertung-zu-Sterbefallzahlen-der-Jahre-2020_2021-Statistisches-Bundesamt-300x133.png 300w, https:\/\/renegraeber.de\/blog\/wp-content\/uploads\/2021\/07\/2021-07-05-20_42_52-Sonderauswertung-zu-Sterbefallzahlen-der-Jahre-2020_2021-Statistisches-Bundesamt-768x340.png 768w, https:\/\/renegraeber.de\/blog\/wp-content\/uploads\/2021\/07\/2021-07-05-20_42_52-Sonderauswertung-zu-Sterbefallzahlen-der-Jahre-2020_2021-Statistisches-Bundesamt-705x312.png 705w\" sizes=\"(max-width: 950px) 100vw, 950px\" \/><\/a><strong>Auf Intensiv wegen Covid 524 Menschen. Freie Intensivbetten 4.135:<\/strong><\/p>\n<p><a href=\"https:\/\/renegraeber.de\/blog\/wp-content\/uploads\/2021\/07\/2021-07-05-20_42_21-DIVI-Intensivregister.png\"><img decoding=\"async\" class=\"aligncenter size-full wp-image-2956\" src=\"https:\/\/renegraeber.de\/blog\/wp-content\/uploads\/2021\/07\/2021-07-05-20_42_21-DIVI-Intensivregister.png\" alt=\"Intensivbettenbelegung Juli 2021\" width=\"632\" height=\"571\" srcset=\"https:\/\/renegraeber.de\/blog\/wp-content\/uploads\/2021\/07\/2021-07-05-20_42_21-DIVI-Intensivregister.png 632w, https:\/\/renegraeber.de\/blog\/wp-content\/uploads\/2021\/07\/2021-07-05-20_42_21-DIVI-Intensivregister-300x271.png 300w\" sizes=\"(max-width: 632px) 100vw, 632px\" \/><\/a><\/p>\n<p>Die Krankenh\u00e4user werden Probleme bekommen ihre Bettenzahl so schnell nach unten zu korrigieren um ihre &#8222;Pr\u00e4mie&#8220; bzgl. Auslastung noch zu bekommen&#8230; ja, ja&#8230; das ganze l\u00e4uft unter dem Begriff &#8222;Intensivbettenbetrug&#8220; (wie es die Bildzeitung formulierte). &#8222;Wir&#8220; berichteten aber schon im November dazu.<br \/>\nHier mein Beitrag vom 1. Januar 2021:<\/p>\n<ul>\n<li><a href=\"https:\/\/www.yamedo.de\/blog\/knappe-intensivbetten-covid-19\/\" target=\"_blank\" rel=\"noopener\">https:\/\/www.yamedo.de\/blog\/knappe-intensivbetten-covid-19\/<\/a><\/li>\n<\/ul>\n<p>Konsequenzen? Fehlanzeige. L\u00e4uft ja&#8230;<\/p>\n<p>Auch in den Altmedien l\u00e4uft es munter weiter, derzeit der &#8222;<strong>Delta-Wahnsinn<\/strong>&#8222;. Was da aus dem Kanzleramt kommt ist der pure Irrsinn &#8211; allen voran von Kanzleramtschef Helge Braun. Der Mann ist sogar Mediziner. Als ich sein Alter sah bin ich erschrocken &#8211; der Mann ist deutlich j\u00fcnger als ich. Mir fiel unwillk\u00fcrlich mein Beitrag ein:<\/p>\n<ul>\n<li><a href=\"https:\/\/naturheilt.com\/blog\/aerzte-alkoholiker-medikamentenabhaengig-uebergewichtig\/\" target=\"_blank\" rel=\"noopener\">https:\/\/naturheilt.com\/blog\/aerzte-alkoholiker-medikamentenabhaengig-uebergewichtig\/<\/a><\/li>\n<\/ul>\n<p>Was Herr Braun bezgl. Delta von sich gibt ist unfassbar&#8230; Der Virologe Kekul\u00e9 (der ja sonst auch zu den ganz Vorsichtigen geh\u00f6rt) sagt zu Braun bez\u00fcglich der Einreiseverordnung aus Portugal usw.:<\/p>\n<p style=\"padding-left: 40px;\">\u201e<strong>Bei allem Respekt vor dem Kanzleramtsminister, der ja auch Arzt ist. Das ist absolut nicht mehr nachvollziehbar. Das wimmelt von Falschinformationen.<\/strong>\u201c<\/p>\n<p>Auch der Vorstandschef der Kassen\u00e4rztlichen Bundesvereinigung (KBV), Andreas Gassen, hat die Diskussion um sch\u00e4rfere Regeln zum Schutz vor der Delta-Variante des Coronavirus als unverantwortliche Panikmache kritisiert. Focus Online zitiert Gassen:<\/p>\n<p style=\"padding-left: 40px;\">&#8222;<strong>Ich halte die Debatte derzeit f\u00fcr in Teilen fast schon hysterisch. [\u2026] Es ist unverantwortlich, immer wieder mit Endzeitszenarien zu operieren<\/strong>\u201c.<\/p>\n<h2>All das interessiert die Panikmacher aber nicht. Im Gegenteil!<\/h2>\n<p><strong>Markus S\u00f6der verlangt von der St\u00e4ndigen Impfkommission, schnellstm\u00f6glich eine allgemeine Impfempfehlung f\u00fcr Jugendliche auszusprechen.<\/strong> ACH WAS? S\u00f6der macht die STIKO indirekt daf\u00fcr verantwortlich, dass Jugendliche immer noch in ihrer Freiheit eingeschr\u00e4nkt blieben.<\/p>\n<p>AHA! Freiheiten und Grundrechte also nur f\u00fcr Geimpfte?<\/p>\n<p>Zu Grundrechten f\u00fcr Nichtgeimpfte haben wir auch eine &#8222;hei\u00dfe&#8220; Diskussion im Yamedo-Forum:<\/p>\n<ul>\n<li><a href=\"https:\/\/www.yamedo.de\/forum\/thread\/3807-grundrechte-zur\u00fcck-f\u00fcr-nichtgeimpfte\/\" target=\"_blank\" rel=\"noopener\">https:\/\/www.yamedo.de\/forum\/thread\/3807-grundrechte-zur\u00fcck-f\u00fcr-nichtgeimpfte\/<\/a><\/li>\n<\/ul>\n<p>\u00dcber das Demokratie-Verst\u00e4ndnis unserer Regierenden, sowie deren &#8222;Wissenschaftlichkeit&#8220; kann ich nur noch den Kopf sch\u00fctteln.<br \/>\nAber das soll ja wohl so sein. Wie hei\u00dft es im Buch von Klaus Schwab &#8222;The Great Reset&#8220;? &#8222;Im Jahr 2030 werden Sie nichts besitzen und gl\u00fccklich sein&#8220;.<\/p>\n<p><strong>\u00dcbrigens: Wenn Sie solche Informationen interessieren, dann fordern Sie unbedingt meinen kostenlosen Praxis-Newsletter &#8222;Unabh\u00e4ngig. Nat\u00fcrlich. Klare Kante.&#8220; dazu an:<\/strong><br \/>\n<script type=\"text\/javascript\" src=\"https:\/\/rene-graeber.de\/view_webform_v2.js?u=v9&#038;webforms_id=pL1KE\"><\/script><\/p>\n<p>&nbsp;<\/p>\n","protected":false},"excerpt":{"rendered":"<p>Tja &#8211; wie weit sind wir gekommen im Juli 2021 in Sachen Corona?<\/p>\n","protected":false},"author":1,"featured_media":2952,"comment_status":"open","ping_status":"open","sticky":false,"template":"","format":"standard","meta":{"footnotes":""},"categories":[32],"tags":[3],"class_list":["post-2951","post","type-post","status-publish","format-standard","has-post-thumbnail","hentry","category-allgemein","tag-corona"],"_links":{"self":[{"href":"https:\/\/renegraeber.de\/blog\/wp-json\/wp\/v2\/posts\/2951","targetHints":{"allow":["GET"]}}],"collection":[{"href":"https:\/\/renegraeber.de\/blog\/wp-json\/wp\/v2\/posts"}],"about":[{"href":"https:\/\/renegraeber.de\/blog\/wp-json\/wp\/v2\/types\/post"}],"author":[{"embeddable":true,"href":"https:\/\/renegraeber.de\/blog\/wp-json\/wp\/v2\/users\/1"}],"replies":[{"embeddable":true,"href":"https:\/\/renegraeber.de\/blog\/wp-json\/wp\/v2\/comments?post=2951"}],"version-history":[{"count":0,"href":"https:\/\/renegraeber.de\/blog\/wp-json\/wp\/v2\/posts\/2951\/revisions"}],"wp:featuredmedia":[{"embeddable":true,"href":"https:\/\/renegraeber.de\/blog\/wp-json\/wp\/v2\/media\/2952"}],"wp:attachment":[{"href":"https:\/\/renegraeber.de\/blog\/wp-json\/wp\/v2\/media?parent=2951"}],"wp:term":[{"taxonomy":"category","embeddable":true,"href":"https:\/\/renegraeber.de\/blog\/wp-json\/wp\/v2\/categories?post=2951"},{"taxonomy":"post_tag","embeddable":true,"href":"https:\/\/renegraeber.de\/blog\/wp-json\/wp\/v2\/tags?post=2951"}],"curies":[{"name":"wp","href":"https:\/\/api.w.org\/{rel}","templated":true}]}}