{"id":2942,"date":"2021-06-23T10:01:40","date_gmt":"2021-06-23T09:01:40","guid":{"rendered":"https:\/\/renegraeber.de\/blog\/?p=2942"},"modified":"2021-06-23T10:01:40","modified_gmt":"2021-06-23T09:01:40","slug":"zweifel-an-pcr-tests","status":"publish","type":"post","link":"https:\/\/renegraeber.de\/blog\/zweifel-an-pcr-tests\/","title":{"rendered":"Universit\u00e4t Duisburg-Essen: PCR-Tests taugen nicht zur Einsch\u00e4tzung der Pandemie-Situation"},"content":{"rendered":"<p>Ergebnisse von PCR-Tests allein sind ungeeignet als Entscheidungsgrundlage f\u00fcr Pandemie-Ma\u00dfnahmen. Dies schreibt die Universit\u00e4t Duisburg-Essen in einer <a href=\"https:\/\/www.presseportal.de\/pm\/62259\/4945425\" target=\"_blank\" rel=\"noopener\">Pressemitteilung<\/a>.\u00a0 Grundlage ist eine Ver\u00f6ffentlichung der Universit\u00e4t Duisburg\/Essen, die mehr als 190.000 PCR-Tests von ca. 160.000 Menschen ausgewertet haben. Fazit der Forscher: Ein positiver Test bedeutet nicht immer, dass die Getesteten auch ansteckend sind.<\/p>\n<p>ACH WAS? Das ist genau das, was ich (und viele andere) ebenfalls seit \u00fcber einem Jahr kritisiere.<\/p>\n<p><!--more--><\/p>\n<p>Bereits Ende Mai 2020 kam ich zu der Erkenntnis, dass der PCR-\u201eTest\u201c ein geeignetes Mittel ist, um die Begr\u00fcndung zu liefern, damit die Corona-Pandemie endlos weiterlaufen kann\u2026 Hier die Begr\u00fcndung:<\/p>\n<ul>\n<li><a href=\"https:\/\/renegraeber.de\/blog\/corona-pandemie-endlos-weiter\/\" target=\"_blank\" rel=\"noopener\">https:\/\/renegraeber.de\/blog\/corona-pandemie-endlos-weiter\/<\/a><\/li>\n<\/ul>\n<p>Und das Ganze l\u00e4uft ja mittlerweile in Endlos-Schleife.<\/p>\n<p>Anfang August 2020 hatte ich mir diese Tests einmal genauer \u201eunter die Lupe\u201c genommen:<\/p>\n<ul>\n<li><a href=\"https:\/\/naturheilt.com\/blog\/covid-19-tests\/\" target=\"_blank\" rel=\"noopener\">Die Corona Tests \u2013 es wird immer absurder! Man fragt sich: WAS wird hier eigentlich getestet?<\/a><\/li>\n<\/ul>\n<p><strong>Neben der Frage der Zuverl\u00e4ssigkeit ( = Spezifit\u00e4t) der PCR-\u201eTests\u201c tauchte im Laufe der Zeit eine neue Bewertung dieses Verfahrens auf.<\/strong> Und diese besagt, dass dieser Test (der eigentlich gar kein Test ist, sondern ein Laborverfahren zur Vervielf\u00e4ltigung von genetischem Material) im Prinzip \u00fcberhaupt nichts \u00fcber eine Infektion aussagen kann.<\/p>\n<p>Grundlage hierf\u00fcr ist, dass kein Virus, sondern bestenfalls nur dessen genetisches Material, und auch das nur in Bruchst\u00fccken, nachgewiesen werden kann. Eine Aussage \u00fcber ein vermehrungsf\u00e4higes Virus, eine grundlegende Voraussetzung f\u00fcr eine Infektion, macht der PCR-\u201eTest\u201c \u00fcberhaupt nicht.<\/p>\n<p><strong>Das hei\u00dft mit anderen Worten, dass ein positiver Test nicht gleichbedeutend ist mit einer Infektion. Und auch eine Infektion ist nicht gleichbedeutend mit einer Erkrankung.<\/strong> Denn eine infekti\u00f6se Erkrankung definiert sich an den damit auftretenden Symptomen, die der Patient dann selber bemerkt und wof\u00fcr es dann auch keinen PCR-\u201eTest\u201c mehr bedarf.<\/p>\n<p>Das hei\u00dft, dass der PCR-\u201eTest\u201c, wenn er eingesetzt werden sollte, nur dann einen gewissen Nutzen mit sich bringt, wenn Erkrankte damit getestet werden. Hier wird dann keine prim\u00e4re Diagnose gestellt, sondern nur eine solche durch den Test noch einmal erh\u00e4rtet.<\/p>\n<p>Das hei\u00dft mit anderen Worten, dass die Diagnose nicht durch ein Laborverfahren erstellt wird, sondern durch einen Arzt und eine entsprechend gr\u00fcndliche Untersuchung des Patienten.<\/p>\n<p><strong>\u00dcbrigens: Wenn Sie solche Informationen interessieren, dann fordern Sie unbedingt meinen kostenlosen Praxis-Newsletter &#8222;Unabh\u00e4ngig. Nat\u00fcrlich. Klare Kante.&#8220; dazu an:<\/strong><br \/>\n<script type=\"text\/javascript\" src=\"https:\/\/rene-graeber.de\/view_webform_v2.js?u=v9&#038;webforms_id=pL1KE\"><\/script><\/p>\n<h2>Thailand macht es besser?<\/h2>\n<p>Und das ist genau das, was zum Beispiel in Thailand praktiziert wird, wie Dr. Thomas Ly im Mai 2021 berichtete:<\/p>\n<ul>\n<li><a href=\"https:\/\/www.yamedo.de\/blog\/corona-in-thailand\/\" target=\"_blank\" rel=\"noopener\">https:\/\/www.yamedo.de\/blog\/corona-in-thailand\/<\/a><\/li>\n<\/ul>\n<p>Laut Dr. Ly wurde in Thailand, ganz im Gegensatz zu Deutschland und anderen L\u00e4ndern, nicht sofort die PCR-\u201eTest\u201c-Keule eingesetzt, mit der andernorts sofort alles getestet wurde, was \u201enicht bei 3 auf den B\u00e4umen war\u201c. Das hei\u00dft, dass in vielen L\u00e4ndern auch Symptomlose getestet wurden, die dann bei einem positiven Ergebnis als \u201eF\u00e4lle\u201c verbucht wurden.<\/p>\n<h2>PCR Test in Portugal vor Gericht<\/h2>\n<p>Und es gab bereits im November 2020 bereits ein Urteil eines portugiesischen Berufungsgericht (also bereits die 2. Instanz, die die 1. best\u00e4tigte) gegen die Auflagen einer regionalen Gesundheitsbeh\u00f6rde der Azoren. Die hatte n\u00e4mlich 4 Personen in Quarant\u00e4ne geschickt. Grund: Ein positiver PCR-\u201eTest\u201c:<\/p>\n<ul>\n<li><a href=\"https:\/\/renegraeber.de\/blog\/portugal-pcr-test-vor-gericht\/\" target=\"_blank\" rel=\"noopener\">https:\/\/renegraeber.de\/blog\/portugal-pcr-test-vor-gericht\/<\/a><\/li>\n<\/ul>\n<p>Und die Sache mit diesen &#8222;uns\u00e4glichen&#8220; ct-Werten der PCR-Tests. Das ist \u00fcbrigens auch genau das, was die Untersuchung der Universit\u00e4t Duisburg\/Essen bem\u00e4ngelt. Zu dieser Problematik mit den ct-Werten hatte ich Anfang Mai 2021 im Beitrag berichtet:<\/p>\n<ul>\n<li>&#8222;<a href=\"https:\/\/www.yamedo.de\/blog\/pcr-tests-unterschied-geimpfte-nicht-geimpfte\/\" target=\"_blank\" rel=\"noopener\">Unterschiedliche Testvorgaben bei PCR Tests f\u00fcr Geimpfte und Nicht-Geimpfte?<\/a>&#8222;<\/li>\n<\/ul>\n<p>Im Beitrag gehe ich unter der \u00dcberschrift: <strong>&#8222;Wie komme ich zu meinem Wunschergebnis?&#8220;<\/strong> darauf ein. Teil dieser Ausf\u00fchrungen ist auch, dass dieser von Herrn Drosten entwickelte Test in der Regel bei einem ct-Wert von 45 l\u00e4uft. Inzwischen hat es sich allerdings auch herumgesprochen, dass bei einer Amplifizierung mit mehr als 35 Zyklen 97 % der positiven Ergebnisse falsch positiv sind. In der Praxis lassen sich die restlichen 3 % \u00fcberhaupt gar nicht mehr identifizieren, sodass diese PCR-\u201eTests\u201c vollkommen aussagefrei zu sein scheinen.<\/p>\n<p>Und Mitte Januar 2021 hatte die WHO \u00fcbrigens auch die PCR-Testvorgaben ge\u00e4ndert: <a href=\"https:\/\/www.yamedo.de\/blog\/who-aendert-pcr-testvorgaben\/\" target=\"_blank\" rel=\"noopener\">https:\/\/www.yamedo.de\/blog\/who-aendert-pcr-testvorgaben\/<\/a><br \/>\nWas seitens der WHO zun\u00e4chst nach einem \u00fcberraschend vern\u00fcnftigen Vorschlag aussah, entwickelte sich allerdings zu einer Hinterfotzigkeit erster Klasse.<\/p>\n<p>Denn wie es aussieht, wurden bei der Beurteilung der Impfversager genau diese neuen Testvorgaben in Anwendung gebracht. Mehr dazu im Beitrag:<br \/>\n<a href=\"https:\/\/www.yamedo.de\/blog\/pcr-tests-unterschied-geimpfte-nicht-geimpfte\/\" target=\"_blank\" rel=\"noopener\">https:\/\/www.yamedo.de\/blog\/pcr-tests-unterschied-geimpfte-nicht-geimpfte\/<\/a><\/p>\n<p>Fazit: Alles was &#8222;wir&#8220; seit einem Jahr bem\u00e4ngeln best\u00e4tigt sich mittlerweile. Intensivbetten, \u00dcbersterblichkeit, PCR-Tests, Belege f\u00fcr Lockdownma\u00dfnahmen. Das ganze &#8222;Ma\u00dfnahmen-Geb\u00e4ude&#8220; m\u00fcsste wie ein Kartenhaus zerfallen. Kanzlerin und alle Verantwortlichen m\u00fcssten zur\u00fccktreten und sich bei den Deutschen entschuldigen.<\/p>\n<p>Aber es passiert ja genau das Gegenteil und der Bundetag hat die &#8222;Notlage&#8220; in Deutschland weiterhin festgestellt &#8211; derzeit bis zum 30.9.2021. Alles klar?<\/p>\n<p><strong>\u00dcbrigens: Wenn Sie solche Informationen interessieren, dann fordern Sie unbedingt meinen kostenlosen Praxis-Newsletter &#8222;Unabh\u00e4ngig. Nat\u00fcrlich. Klare Kante.&#8220; dazu an:<\/strong><br \/>\n<script type=\"text\/javascript\" src=\"https:\/\/rene-graeber.de\/view_webform_v2.js?u=v9&#038;webforms_id=pL1KE\"><\/script><\/p>\n","protected":false},"excerpt":{"rendered":"<p>Ergebnisse von PCR-Tests allein sind ungeeignet als Entscheidungsgrundlage f\u00fcr Pandemie-Ma\u00dfnahmen. Dies schreibt die Universit\u00e4t Duisburg-Essen in einer Pressemitteilung.\u00a0 Grundlage ist eine Ver\u00f6ffentlichung der Universit\u00e4t Duisburg\/Essen, die mehr als 190.000 PCR-Tests von ca. 160.000 Menschen ausgewertet haben. Fazit der Forscher: Ein positiver Test bedeutet nicht immer, dass die Getesteten auch ansteckend sind. ACH WAS? Das ist [&hellip;]<\/p>\n","protected":false},"author":1,"featured_media":2943,"comment_status":"open","ping_status":"open","sticky":false,"template":"","format":"standard","meta":{"footnotes":""},"categories":[2],"tags":[3,159],"class_list":["post-2942","post","type-post","status-publish","format-standard","has-post-thumbnail","hentry","category-corona","tag-corona","tag-pcr-tests"],"_links":{"self":[{"href":"https:\/\/renegraeber.de\/blog\/wp-json\/wp\/v2\/posts\/2942","targetHints":{"allow":["GET"]}}],"collection":[{"href":"https:\/\/renegraeber.de\/blog\/wp-json\/wp\/v2\/posts"}],"about":[{"href":"https:\/\/renegraeber.de\/blog\/wp-json\/wp\/v2\/types\/post"}],"author":[{"embeddable":true,"href":"https:\/\/renegraeber.de\/blog\/wp-json\/wp\/v2\/users\/1"}],"replies":[{"embeddable":true,"href":"https:\/\/renegraeber.de\/blog\/wp-json\/wp\/v2\/comments?post=2942"}],"version-history":[{"count":0,"href":"https:\/\/renegraeber.de\/blog\/wp-json\/wp\/v2\/posts\/2942\/revisions"}],"wp:featuredmedia":[{"embeddable":true,"href":"https:\/\/renegraeber.de\/blog\/wp-json\/wp\/v2\/media\/2943"}],"wp:attachment":[{"href":"https:\/\/renegraeber.de\/blog\/wp-json\/wp\/v2\/media?parent=2942"}],"wp:term":[{"taxonomy":"category","embeddable":true,"href":"https:\/\/renegraeber.de\/blog\/wp-json\/wp\/v2\/categories?post=2942"},{"taxonomy":"post_tag","embeddable":true,"href":"https:\/\/renegraeber.de\/blog\/wp-json\/wp\/v2\/tags?post=2942"}],"curies":[{"name":"wp","href":"https:\/\/api.w.org\/{rel}","templated":true}]}}