{"id":2920,"date":"2021-05-08T20:11:27","date_gmt":"2021-05-08T19:11:27","guid":{"rendered":"https:\/\/renegraeber.de\/blog\/?p=2920"},"modified":"2021-05-08T20:11:27","modified_gmt":"2021-05-08T19:11:27","slug":"hurra-geimpft","status":"publish","type":"post","link":"https:\/\/renegraeber.de\/blog\/hurra-geimpft\/","title":{"rendered":"HURRA GEIMPFT! Und jetzt? Konsequenzen \u00fcber die kaum jemand nachdenkt"},"content":{"rendered":"<p>Ich h\u00f6re es allerorten: &#8222;Geimpft!&#8220;; dazu eventuell noch ein Bildchen vom Pflaster. Werbespots mit &#8222;Impf-Helden&#8220;.<\/p>\n<p><!--more--><\/p>\n<p>Die Gentechnik-Impfungen selbst haben Risiken. Die meisten dieser Risiken werden wir im Laufe der n\u00e4chsten Monate und Jahre herausfinden. Horrormeldungen haben wir bereits sehr fr\u00fch erhalten:<\/p>\n<ul>\n<li><a href=\"https:\/\/freie-impfentscheidung.de\/horrormeldungen-zu-corona-impfungen\/\" target=\"_blank\" rel=\"noopener\">https:\/\/freie-impfentscheidung.de\/horrormeldungen-zu-corona-impfungen\/<\/a><\/li>\n<\/ul>\n<p>Dazu die Nachricht, dass angeblich 60% der neuen Corona-F\u00e4lle bereits geimpft seien?<\/p>\n<ul>\n<li><a href=\"https:\/\/freie-impfentscheidung.de\/neue-corona-faelle-bereits-geimpft\/\" target=\"_blank\" rel=\"noopener\">https:\/\/freie-impfentscheidung.de\/neue-corona-faelle-bereits-geimpft\/<\/a><\/li>\n<\/ul>\n<p>Das ist doch alles sehr merkw\u00fcrdig&#8230;<\/p>\n<p>Noch merkw\u00fcrdiger wird es, wenn man sich zum Beispiel die aktuellen Zahlen der Seychellen ansieht, \u00fcber die ich ja bereits vor ein paar Wochen berichtet hatte:<\/p>\n<ul>\n<li><a href=\"https:\/\/www.yamedo.de\/blog\/seychellen-corona-covid\/\" target=\"_blank\" rel=\"noopener\">https:\/\/www.yamedo.de\/blog\/seychellen-corona-covid\/<\/a><\/li>\n<\/ul>\n<p>Da muss man schon sehr hellh\u00f6rig werden! Es ist kaum noch als Zufall oder Einzelfall anzusehen, dass eine Population von knapp 100.000 Einwohnern ohne auch nur einen Covid-19-Toten im Jahr 2020 pl\u00f6tzlich nach der Einf\u00fchrung von zwei \u201eImpfungen\u201c einen massiven Anstieg in dieser Disziplin zu verzeichnen hat.<\/p>\n<p>Mittlerweile (Stand: 7.5.2021) hat der Inselstaat \u00fcber 60% der Bev\u00f6lkerung gegen Corona geimpft. Und die Sterblichkeit liegt auf dem Niveau von Deutschland\u2026<\/p>\n<p>Dies ist umso bemerkenswerter, wo ein relativ \u201eimpfschwaches\u201c Deutschland etwa zum gleichen Zeitpunkt, an dem die Seychellen die Impfkampagne begannen, sinkende Fallzahlen zu verzeichnen hat.<\/p>\n<p>Mehr dazu im Seychellen-Beitrag:<\/p>\n<ul>\n<li><a href=\"https:\/\/www.yamedo.de\/blog\/seychellen-corona-covid\/\" target=\"_blank\" rel=\"noopener\">https:\/\/www.yamedo.de\/blog\/seychellen-corona-covid\/<\/a><\/li>\n<\/ul>\n<p>Viele derer, die sich jetzt impfen (=genmodifizieren) lassen, sagen schlicht und ergreifend:<\/p>\n<p><strong>\u00dcbrigens: Wenn Sie solche Informationen interessieren, dann fordern Sie unbedingt meinen kostenlosen Praxis-Newsletter dazu an:<\/strong><br \/>\n<script type=\"text\/javascript\" src=\"https:\/\/rene-graeber.de\/view_webform_v2.js?u=v9&#038;webforms_id=pDDkW\"><\/script><\/p>\n<h2>&#8222;Ich will meine Freiheiten zur\u00fcck.&#8220;<\/h2>\n<p>Ihr Lieben, wenn DAS eure Motivation ist, dann rate ich erst Recht ganz genau hinzuschauen, denn ihr befolgt genau das Narrativ, das man errichtet hat.<\/p>\n<p>Die tats\u00e4chlichen Fakten sehen doch ganz anders aus:<\/p>\n<p>Beispiel Schweiz: Die haben vor Wochen den Lockdown beendet, haben die gleichen &#8222;Mutationen&#8220; und genauso sinkende Todesfallzahlen wie Deutschland. Die Horrorszenarien der &#8222;Dritten Welle&#8220; treten nicht ein. In Deutschland erz\u00e4hlt man euch, dass sei der Erfolg der &#8222;Bundesnotbremse&#8220;. Ach was?<\/p>\n<p>Schweden, Texas, Florida, Wei\u00dfrussland, usw. usw. &#8211; alle ohne Mega-Lockdown oder schon lange beendet haben niedriger Zahlen als wir. Ohne Maske. Ohne Abstand.<\/p>\n<h4>Wie nennt man denn das was hier in Deutschland herrscht?<\/h4>\n<p>Ich habe daf\u00fcr bereits einige Worte geh\u00f6rt: &#8222;Willk\u00fcr&#8220; oder &#8222;Freiheitsberaubung&#8220; waren noch die harmloseren Begriffe.<\/p>\n<p>Die Presse verbreitet indes weiter das Narrativ, dass es darum gehe weiter vorsichtig zu sein. Herr Wieler warnt schon wieder mit neuen Modellrechnungen. Herr Spahn warnt vor Lockerungen. Ist klar.<\/p>\n<p>Und wieder wird uns eingetrichtert: &#8222;Jetzt geht es darum, noch einige Wochen, vielleicht wenige Monate, durchzuhalten\u201c, so Herr Spahn. Die Regelungen versteht indes sowieso kaum noch jemand.<\/p>\n<p><strong>\u00dcbrigens: Wenn Sie solche Informationen interessieren, dann fordern Sie unbedingt meinen kostenlosen Praxis-Newsletter &#8222;Unabh\u00e4ngig. Nat\u00fcrlich. Klare Kante.&#8220; dazu an:<\/strong><br \/>\n<script type=\"text\/javascript\" src=\"https:\/\/rene-graeber.de\/view_webform_v2.js?u=v9&#038;webforms_id=pL1KE\"><\/script><\/p>\n","protected":false},"excerpt":{"rendered":"<p>Ich h\u00f6re es allerorten: &#8222;Geimpft!&#8220;; dazu eventuell noch ein Bildchen vom Pflaster. Werbespots mit &#8222;Impf-Helden&#8220;.<\/p>\n","protected":false},"author":1,"featured_media":4836,"comment_status":"open","ping_status":"open","sticky":false,"template":"","format":"standard","meta":{"footnotes":""},"categories":[2],"tags":[],"class_list":["post-2920","post","type-post","status-publish","format-standard","has-post-thumbnail","hentry","category-corona"],"_links":{"self":[{"href":"https:\/\/renegraeber.de\/blog\/wp-json\/wp\/v2\/posts\/2920","targetHints":{"allow":["GET"]}}],"collection":[{"href":"https:\/\/renegraeber.de\/blog\/wp-json\/wp\/v2\/posts"}],"about":[{"href":"https:\/\/renegraeber.de\/blog\/wp-json\/wp\/v2\/types\/post"}],"author":[{"embeddable":true,"href":"https:\/\/renegraeber.de\/blog\/wp-json\/wp\/v2\/users\/1"}],"replies":[{"embeddable":true,"href":"https:\/\/renegraeber.de\/blog\/wp-json\/wp\/v2\/comments?post=2920"}],"version-history":[{"count":0,"href":"https:\/\/renegraeber.de\/blog\/wp-json\/wp\/v2\/posts\/2920\/revisions"}],"wp:featuredmedia":[{"embeddable":true,"href":"https:\/\/renegraeber.de\/blog\/wp-json\/wp\/v2\/media\/4836"}],"wp:attachment":[{"href":"https:\/\/renegraeber.de\/blog\/wp-json\/wp\/v2\/media?parent=2920"}],"wp:term":[{"taxonomy":"category","embeddable":true,"href":"https:\/\/renegraeber.de\/blog\/wp-json\/wp\/v2\/categories?post=2920"},{"taxonomy":"post_tag","embeddable":true,"href":"https:\/\/renegraeber.de\/blog\/wp-json\/wp\/v2\/tags?post=2920"}],"curies":[{"name":"wp","href":"https:\/\/api.w.org\/{rel}","templated":true}]}}