{"id":2894,"date":"2021-03-27T11:34:14","date_gmt":"2021-03-27T10:34:14","guid":{"rendered":"https:\/\/renegraeber.de\/blog\/?p=2894"},"modified":"2021-03-27T11:34:14","modified_gmt":"2021-03-27T10:34:14","slug":"neue-normalitaet-am-27-3-2021","status":"publish","type":"post","link":"https:\/\/renegraeber.de\/blog\/neue-normalitaet-am-27-3-2021\/","title":{"rendered":"Neue Normalit\u00e4t am 27.3.2021"},"content":{"rendered":"<p><a href=\"https:\/\/renegraeber.de\/blog\/wp-content\/uploads\/2021\/03\/mdr-weimar-thueringen.jpg\"><img decoding=\"async\" class=\"aligncenter size-full wp-image-2895\" src=\"https:\/\/renegraeber.de\/blog\/wp-content\/uploads\/2021\/03\/mdr-weimar-thueringen.jpg\" alt=\"\" width=\"1080\" height=\"1080\" srcset=\"https:\/\/renegraeber.de\/blog\/wp-content\/uploads\/2021\/03\/mdr-weimar-thueringen.jpg 1080w, https:\/\/renegraeber.de\/blog\/wp-content\/uploads\/2021\/03\/mdr-weimar-thueringen-300x300.jpg 300w, https:\/\/renegraeber.de\/blog\/wp-content\/uploads\/2021\/03\/mdr-weimar-thueringen-1030x1030.jpg 1030w, https:\/\/renegraeber.de\/blog\/wp-content\/uploads\/2021\/03\/mdr-weimar-thueringen-80x80.jpg 80w, https:\/\/renegraeber.de\/blog\/wp-content\/uploads\/2021\/03\/mdr-weimar-thueringen-768x768.jpg 768w, https:\/\/renegraeber.de\/blog\/wp-content\/uploads\/2021\/03\/mdr-weimar-thueringen-36x36.jpg 36w, https:\/\/renegraeber.de\/blog\/wp-content\/uploads\/2021\/03\/mdr-weimar-thueringen-180x180.jpg 180w, https:\/\/renegraeber.de\/blog\/wp-content\/uploads\/2021\/03\/mdr-weimar-thueringen-705x705.jpg 705w\" sizes=\"(max-width: 1080px) 100vw, 1080px\" \/><\/a><\/p>\n<p>Die Grafik wurde auf der facebook Seite des MDR Th\u00fcringen am 25.3. ver\u00f6ffentlicht.<\/p>\n<p>Bevor Sie es \u00fcberlesen: bei den &#8222;Shopping-Regeln&#8220;: &#8222;doppelte Impfung gilt nicht&#8220;. Alles klar?<\/p>\n<p><!--more--><\/p>\n<p>Diese &#8222;Shopping-Regeln&#8220; sind ein Testmodell in Weimar, an dem sich ca. 100 H\u00e4ndler beteiligen. Kunden- und Besuchanzahl ist begrenzt. Das Projekt ist f\u00fcr 3 Tage geplant.<\/p>\n<p>Dies nur mal als Info, wie diese &#8222;Neue Normalit\u00e4t&#8220; aussehen kann \/ soll. \u00dcberhaupt: Wie konnte Frau Merkel vor 12 Monaten bereits von einer &#8222;Neuen Normalit\u00e4t&#8220; sprechen? Das wird etwas klarer, wenn man die Politik der letzten 12 Monate verfolgt. Ich habe auch keinen Zweifel, dass Reisen ebenfalls unterbunden werden sollen.<\/p>\n<p><strong>\u00dcbrigens: Wenn Sie solche Informationen interessieren, dann fordern Sie unbedingt meinen kostenlosen Praxis-Newsletter dazu an:<\/strong><br \/>\n<script type=\"text\/javascript\" src=\"https:\/\/rene-graeber.de\/view_webform_v2.js?u=v9&#038;webforms_id=pDDkW\"><\/script><\/p>\n<p>Die &#8222;Dritte Welle&#8220; wird ja jetzt propagiert.<\/p>\n<ul>\n<li>Einige Intensivmediziner fordern einen 2-w\u00f6chigen knallharten Lockdown.<\/li>\n<li>Ein &#8222;Gesundheitsexperte&#8220; schwadroniert, dass es jetzt die J\u00fcngeren treffen werde, dazu Long-Covid bei Kindern usw.<\/li>\n<\/ul>\n<p>Die Horrornachrichten rei\u00dfen nicht ab. Zus\u00e4tzlich werde ich seit ca. 2 Tagen mit den Videos zu den verunreinigten Testst\u00e4bchen bombardiert.<\/p>\n<p>Aber eins nach dem anderen.<\/p>\n<h2>Verunreinigte Testst\u00e4bchen?<\/h2>\n<p>Zuerst die Sache mit den Testst\u00e4bchen und den F\u00e4den die sich da bewegen. Ich habe mir jetzt mehrere Testkits bestellt und werde mir das im Mikroskop selbst ansehen und berichten. Einstweilen gibt es die wildesten Spekulationen dazu.<\/p>\n<p>Im Yamedo-Forum haben wir zu den Tests eine &#8222;Sammlung&#8220; seit August 2020:<\/p>\n<ul>\n<li><a href=\"https:\/\/www.yamedo.de\/forum\/thread\/3335-coronatest\/\" target=\"_blank\" rel=\"noopener\">https:\/\/www.yamedo.de\/forum\/thread\/3335-coronatest\/<\/a><\/li>\n<\/ul>\n<p>Die Sache mit den Morgellons wird ab hier diskutiert:<\/p>\n<ul>\n<li><a href=\"https:\/\/www.yamedo.de\/forum\/thread\/3335-coronatest\/?postID=54276#post54276\" target=\"_blank\" rel=\"noopener\">https:\/\/www.yamedo.de\/forum\/thread\/3335-coronatest\/?postID=54276#post54276<\/a><\/li>\n<\/ul>\n<p>Zu den Morgellons k\u00f6nnte ich jetzt alleine eine halbe Stunde ausf\u00fchren. Ca. 2005 sah ich die erste Patientin damit. Sehr gruselig. Das Thema wurde aber rasch &#8222;beerdigt&#8220;. Mein Rat: ruhig bleiben. <strong>Oberster Medizingrundsatz: Seltenes ist selten und H\u00e4ufiges ist h\u00e4ufig.<\/strong> Sprich: Wenn mir an der Kieler F\u00f6rde ein Vogel auf den Kopf schei\u00dft, dann ist es mit sehr hoher Wahrscheinlichkeit ein M\u00f6we und kein peruanischer L\u00e4mmergeier.<\/p>\n<h2>Die Dritte Welle. Ja, wo kommt die denn her?<\/h2>\n<p>Zur sogenannten &#8222;Dritten Welle&#8220; hatte ich bereits hier berichtet:<\/p>\n<ul>\n<li><a href=\"https:\/\/renegraeber.de\/blog\/die-dritte-welle-soll-kommen-was-haben-denn-da-die-lockdowns-bisher-gebracht\/\">https:\/\/renegraeber.de\/blog\/die-dritte-welle-soll-kommen-was-haben-denn-da-die-lockdowns-bisher-gebracht\/<\/a><\/li>\n<\/ul>\n<p>Die Gesamtsterblichkeit in Deutschland ist auf Rekordtief f\u00fcr einen M\u00e4rz. Das Divi-Register zeigt immer noch das gleiche Bild wie seit Monaten.<\/p>\n<p>Am 26. M\u00e4rz waren 3.284 Betten frei. 20.724 Betten belegt. Diese Zahlen sind seit Monaten stabil. Viel mehr Sorge macht mir, dass \u00fcber ein Drittel der Pflegekr\u00e4fte daran denkt den Beruf an den Nagel zu h\u00e4ngen.<\/p>\n<p>Dabei wurden <a href=\"https:\/\/www.yamedo.de\/blog\/regierung-weiss-nichts\/\" target=\"_blank\" rel=\"noopener\">2020 21 Kliniken geschlossen<\/a>. Weitere 30 Kliniken stehen wohl vor dem Aus. UND: Es wurden 2020 13% weniger Behandlungsf\u00e4lle abgerechnet als 2019.<\/p>\n<p>Die Sinnhaftigkeit der &#8222;Ma\u00dfnahmen&#8220; wird \u00fcberhaupt nicht mehr diskutiert. Fast jeder nimmt an, dass Lockdowns und Masken die L\u00f6sung sind. Und die Impfungen nat\u00fcrlich.<\/p>\n<p>Wenn man sich die Fakten anschaut zu Lockdowns:<\/p>\n<ul>\n<li><a href=\"https:\/\/www.yamedo.de\/blog\/lockdown-studien-meinungen\/\" target=\"_blank\" rel=\"noopener\">https:\/\/www.yamedo.de\/blog\/lockdown-studien-meinungen\/<\/a><\/li>\n<\/ul>\n<p>dann kann man nur noch den Kopf sch\u00fctteln.<\/p>\n<p>Zu den Masken wagt ja auch kaum noch einer was zu sagen:<\/p>\n<ul>\n<li><a href=\"https:\/\/www.yamedo.de\/blog\/wirksamkeit-masken\/\" target=\"_blank\" rel=\"noopener\">https:\/\/www.yamedo.de\/blog\/wirksamkeit-masken\/<\/a><\/li>\n<\/ul>\n<p>Professor Dr. Arne Burkhardt hat dazu jetzt auch etwas vorgelegt. Er kommt zu dem Schluss:<\/p>\n<p style=\"padding-left: 40px;\"><em>\u201eGesundheitssch\u00e4den und Langzeitfolgen durch Maskentragen werden bisher offiziell \u2013 auch von \u00c4rzteverb\u00e4nden \u2013 verleugnet oder verniedlicht.\u201c<\/em><\/p>\n<p>Long-Covid ist durchaus ein Problem. Und bei Long-Covid geht es aus meiner Sicht nicht ohne die Hom\u00f6opathie &#8211; die ja auch abgeschafft werden soll. Dazu werde ich auch noch berichten.<\/p>\n<p>Ein Infektionsproblem, um das sich kaum einer k\u00fcmmert und an dem mittlerweile wirklich Millionen leiden: Borreliose. Was die &#8222;Wissenschaft&#8220; dazu vorlegt, ist aus meiner Sicht erb\u00e4rmlich.<\/p>\n<p><strong>\u00dcbrigens: Wenn Sie solche Informationen interessieren, dann fordern Sie unbedingt meinen kostenlosen Praxis-Newsletter &#8222;Unabh\u00e4ngig. Nat\u00fcrlich. Klare Kante.&#8220; dazu an:<\/strong><br \/>\n<script type=\"text\/javascript\" src=\"https:\/\/rene-graeber.de\/view_webform_v2.js?u=v9&#038;webforms_id=pL1KE\"><\/script><\/p>\n","protected":false},"excerpt":{"rendered":"<p>Die Grafik wurde auf der facebook Seite des MDR Th\u00fcringen am 25.3. ver\u00f6ffentlicht. Bevor Sie es \u00fcberlesen: bei den &#8222;Shopping-Regeln&#8220;: &#8222;doppelte Impfung gilt nicht&#8220;. Alles klar?<\/p>\n","protected":false},"author":1,"featured_media":4822,"comment_status":"open","ping_status":"open","sticky":false,"template":"","format":"standard","meta":{"footnotes":""},"categories":[2],"tags":[3],"class_list":["post-2894","post","type-post","status-publish","format-standard","has-post-thumbnail","hentry","category-corona","tag-corona"],"_links":{"self":[{"href":"https:\/\/renegraeber.de\/blog\/wp-json\/wp\/v2\/posts\/2894","targetHints":{"allow":["GET"]}}],"collection":[{"href":"https:\/\/renegraeber.de\/blog\/wp-json\/wp\/v2\/posts"}],"about":[{"href":"https:\/\/renegraeber.de\/blog\/wp-json\/wp\/v2\/types\/post"}],"author":[{"embeddable":true,"href":"https:\/\/renegraeber.de\/blog\/wp-json\/wp\/v2\/users\/1"}],"replies":[{"embeddable":true,"href":"https:\/\/renegraeber.de\/blog\/wp-json\/wp\/v2\/comments?post=2894"}],"version-history":[{"count":0,"href":"https:\/\/renegraeber.de\/blog\/wp-json\/wp\/v2\/posts\/2894\/revisions"}],"wp:featuredmedia":[{"embeddable":true,"href":"https:\/\/renegraeber.de\/blog\/wp-json\/wp\/v2\/media\/4822"}],"wp:attachment":[{"href":"https:\/\/renegraeber.de\/blog\/wp-json\/wp\/v2\/media?parent=2894"}],"wp:term":[{"taxonomy":"category","embeddable":true,"href":"https:\/\/renegraeber.de\/blog\/wp-json\/wp\/v2\/categories?post=2894"},{"taxonomy":"post_tag","embeddable":true,"href":"https:\/\/renegraeber.de\/blog\/wp-json\/wp\/v2\/tags?post=2894"}],"curies":[{"name":"wp","href":"https:\/\/api.w.org\/{rel}","templated":true}]}}