{"id":2716,"date":"2021-01-19T14:06:03","date_gmt":"2021-01-19T13:06:03","guid":{"rendered":"https:\/\/renegraeber.de\/blog\/?p=2716"},"modified":"2021-01-19T14:06:03","modified_gmt":"2021-01-19T13:06:03","slug":"totenstau-im-krematorium-meissen","status":"publish","type":"post","link":"https:\/\/renegraeber.de\/blog\/totenstau-im-krematorium-meissen\/","title":{"rendered":"Der Totenstau im Krematorium in Mei\u00dfen &#8211; Wie im Jahr 2018"},"content":{"rendered":"<p>Heute morgen lief im ARD \/ ZDF Morgenmagazin wieder ein Bericht aus dem Krematorium in Mei\u00dfen.\u00a0 Wieder Bilder von S\u00e4rgen &#8211; wie damals aus Italien. Die Macht der Bilder. So etwas wirkt immer.<\/p>\n<p><!--more--><\/p>\n<p>Das wei\u00df ich gar nicht wo ich anfangen soll&#8230;<\/p>\n<p>Vielleicht erst einmal mit meiner Stellungnahme zu dem Vorwurf, ob ich wolle das Menschen sterben? Hier meine Antwort:<\/p>\n<ul>\n<li><a href=\"https:\/\/renegraeber.de\/blog\/wollen-sie-das-menschen-sterben\/\" target=\"_blank\" rel=\"noopener\">https:\/\/renegraeber.de\/blog\/wollen-sie-das-menschen-sterben\/<\/a><\/li>\n<\/ul>\n<p>Aber es geht ja um Menschenleben &#8211; angeblich.<br \/>\nNur in ganz wenigen Augenblicken ertappt man unsere Regierung wie nahe ihnen Leid wirklich geht, wie zum Beispiel Frau Merkel, angesprochen auf die frierenden Kinder in den Schulen wegen des Dauerl\u00fcftens:<\/p>\n<ul>\n<li><a href=\"https:\/\/renegraeber.de\/blog\/merkel-kniebeugen-und-klatschen-gegen-frierende-kinder\/\" target=\"_blank\" rel=\"noopener\">https:\/\/renegraeber.de\/blog\/merkel-kniebeugen-und-klatschen-gegen-frierende-kinder\/<\/a><\/li>\n<\/ul>\n<h4>Zur\u00fcck zum Krematorium in Mei\u00dfen und den Beitrag im Morgenmagazin am 19.1.2021.<\/h4>\n<p><strong>Der mdr Sachsen sah sich am 13. Januar bereits gen\u00f6tigt eine Stellungnahme zur Lage in Mei\u00dfen zu bringen: <\/strong><\/p>\n<ul>\n<li><a href=\"https:\/\/www.mdr.de\/sachsen\/dresden\/meissen\/corona-krematorium-meissen-in-kritik-100.html\" target=\"_blank\" rel=\"noopener\">https:\/\/www.mdr.de\/sachsen\/dresden\/meissen\/corona-krematorium-meissen-in-kritik-100.html<\/a><\/li>\n<\/ul>\n<p>Der Genrealsekret\u00e4r des Bundesverbands Deutscher Bestatter (Stephan Neuser) wird dort wie folgt zitiert:<\/p>\n<p style=\"padding-left: 40px;\"><em>&#8222;Neuser sieht drei Ursachen daf\u00fcr, dass sich gerade in Mei\u00dfen die S\u00e4rge stapeln. Zum einen k\u00f6nnte der Preis f\u00fcr eine Ein\u00e4scherung in Mei\u00dfen g\u00fcnstiger sein, als anderswo. Zudem gebe es in Sachsen eine \u00dcbersterblichkeit. Und generell h\u00e4tten Bestatter im Januar mehr zu tun, weil die Standes\u00e4mter \u00fcber die Feiertage l\u00e4nger geschlossen h\u00e4tten und Sterbeurkunden erst nach und nach ausstellten.&#8220;<\/em><\/p>\n<h4>Der Leiter des Krematorium in Mei\u00dfen wird noch deutlicher:<\/h4>\n<p style=\"padding-left: 40px;\"><em>&#8222;Als Ursache f\u00fcr die derzeitige Lage in seinem Haus sieht er die \u00dcbersterblichkeit in Sachsen, den Jahreswechsel, seine Preisgestaltung sowie die generell hohe Anzahl an Feuerbestattungen. \u00dcber 90 Prozent der Sachsen w\u00fcnschten sich eine solche, sagte er. Hilfe von anderen Krematorien oder dem Land will Schaldach nicht. Weder finanziell, personell noch technisch.&#8220;<\/em><\/p>\n<p><strong>Der FOCUS berichtet zudem: &#8222;Die Einrichtung sei f\u00fcr den Gro\u00dfteil der Ein\u00e4scherungen in dem Freistaat verantwortlich und das mit lediglich zwei \u00d6fen.&#8220; <\/strong><\/p>\n<p>Diese Aussage merken wir uns gleich f\u00fcr sp\u00e4ter&#8230;<\/p>\n<p>Und noch etwas wird anscheinend nicht berichtet: Verstorbene werden auch aus Tschechien nach Mei\u00dfen gebracht. Von Mei\u00dfen nach Tschechien sind es vielleicht gerade mal 60 Kilometer (wenn ich das richtig im Kopf habe).<\/p>\n<p>Was auch niemand berichtet: Ein &#8222;Totenstau&#8220; in Krematorien ist nicht ungew\u00f6hnlich zu bestimmten Zeiten &#8211; schon gar nicht in schweren Grippewellen. Die Bildzeitung titelte zum Beispiel am 12.3.2018: &#8222;Totenstau im Krematorium&#8220;. Und raten Sie mal welches Krematorium das war?<br \/>\nBingo: das Krematorium in Mei\u00dfen.<\/p>\n<p><a href=\"https:\/\/renegraeber.de\/blog\/wp-content\/uploads\/2021\/01\/2020-10-31_08-00-37.png\"><img decoding=\"async\" class=\"aligncenter size-full wp-image-2723\" src=\"https:\/\/renegraeber.de\/blog\/wp-content\/uploads\/2021\/01\/2020-10-31_08-00-37.png\" alt=\"BILD: Totenstau im Krematorium\" width=\"2106\" height=\"1974\" srcset=\"https:\/\/renegraeber.de\/blog\/wp-content\/uploads\/2021\/01\/2020-10-31_08-00-37.png 2106w, https:\/\/renegraeber.de\/blog\/wp-content\/uploads\/2021\/01\/2020-10-31_08-00-37-300x281.png 300w, https:\/\/renegraeber.de\/blog\/wp-content\/uploads\/2021\/01\/2020-10-31_08-00-37-1030x965.png 1030w, https:\/\/renegraeber.de\/blog\/wp-content\/uploads\/2021\/01\/2020-10-31_08-00-37-768x720.png 768w, https:\/\/renegraeber.de\/blog\/wp-content\/uploads\/2021\/01\/2020-10-31_08-00-37-1536x1440.png 1536w, https:\/\/renegraeber.de\/blog\/wp-content\/uploads\/2021\/01\/2020-10-31_08-00-37-2048x1920.png 2048w, https:\/\/renegraeber.de\/blog\/wp-content\/uploads\/2021\/01\/2020-10-31_08-00-37-1500x1406.png 1500w, https:\/\/renegraeber.de\/blog\/wp-content\/uploads\/2021\/01\/2020-10-31_08-00-37-705x661.png 705w\" sizes=\"(max-width: 2106px) 100vw, 2106px\" \/><\/a><\/p>\n<p>Das Krematorium in Mei\u00dfen scheint also eine Art &#8222;Hot-Spot&#8220; bez\u00fcglich seiner Kapazit\u00e4t zu sein, dass sich f\u00fcr solche Bilder wohl eignet. Eine einfache Recherche der \u00f6ffentlich-rechtlichen Sendeanstalten h\u00e4tte in 10 Minuten das ergeben, wof\u00fcr ich auch nicht l\u00e4nger gebraucht habe. Dennoch scheint man in Mei\u00dfen genau die Bilder zu bekommen, die man haben wollte &#8211; oder wie soll ich das interpretieren?<\/p>\n<h2>Aber es wird aber noch merkw\u00fcrdiger!<\/h2>\n<p>1. Nicht nur dass die Mitarbeiter <strong>keine Schutzkleidung im Krematorium Mei\u00dfen<\/strong>\u00a0 tragen (noch nicht einmal f\u00fcr die Dreharbeiten), wo doch angeblich selbst Verstorbene noch so infekti\u00f6s sind, dass diese deswegen laut RKI nicht obduziert werden sollten. Gut, das RKI hat diese Empfehlung im April 2020 ge\u00e4ndert, nachdem vor allem der Rechtsmediziner P\u00fcschel dennoch Verstorbene bereits im M\u00e4rz obduziert hatte.<\/p>\n<p>2. Es gibt da eine Aufzeichnung mit einem Mitarbeiter des Krematoriums in Mei\u00dfen:<\/p>\n<ul>\n<li><a href=\"https:\/\/www.youtube.com\/watch?v=Kk1V_Vd1snk\" target=\"_blank\" rel=\"noopener\">https:\/\/www.youtube.com\/watch?v=Kk1V_Vd1snk<\/a><\/li>\n<\/ul>\n<p>Der Mitarbeiter berichtet (zwar aus zweiter Hand) genau das, wor\u00fcber ich hier ebenfalls berichtet hatte:<\/p>\n<ul>\n<li><a href=\"https:\/\/www.yamedo.de\/blog\/corona-statistik-tricks\/\" target=\"_blank\" rel=\"noopener\">https:\/\/www.yamedo.de\/blog\/corona-statistik-tricks\/<\/a><\/li>\n<\/ul>\n<p>Es geht da um &#8222;Diagnosen&#8220; und &#8222;Schl\u00fcssel&#8220; mit den Patienten codiert werden:<br \/>\nMan darf diesen Schl\u00fcssel (Covid-19) auch dann benutzen, wenn der Verdacht auf Kontakten zu infizierten Personen besteht (\u201eKontaktanl\u00e4ssen\u201c), denn \u201eVorsicht ist besser als Nachsicht\u201c. Und Patienten mit Lungenentz\u00fcndungen werden ebenfalls im Handumdrehen zu Covid-19-Patienten \u201ebef\u00f6rdert\u201c.<\/p>\n<p>Das ist genau das, was der Mitarbeiter beschreibt.<\/p>\n<p>Und das bringt uns wieder zur Frage: Gibt es eine \u00dcbersterblichkeit von der in fast allen Medien berichtet wird?<br \/>\nHier meine Analyse f\u00fcr das Jahr 2020:<\/p>\n<ul>\n<li><a href=\"https:\/\/www.yamedo.de\/blog\/uebersterblichkeit-herbeigerechnet\/\" target=\"_blank\" rel=\"noopener\">https:\/\/www.yamedo.de\/blog\/uebersterblichkeit-herbeigerechnet\/<\/a><\/li>\n<\/ul>\n<p>&nbsp;<\/p>\n","protected":false},"excerpt":{"rendered":"<p>Heute morgen lief im ARD \/ ZDF Morgenmagazin wieder ein Bericht aus dem Krematorium in Mei\u00dfen.\u00a0 Wieder Bilder von S\u00e4rgen &#8211; wie damals aus Italien. Die Macht der Bilder. So etwas wirkt immer.<\/p>\n","protected":false},"author":1,"featured_media":2717,"comment_status":"open","ping_status":"open","sticky":false,"template":"","format":"standard","meta":{"footnotes":""},"categories":[2],"tags":[3],"class_list":["post-2716","post","type-post","status-publish","format-standard","has-post-thumbnail","hentry","category-corona","tag-corona"],"_links":{"self":[{"href":"https:\/\/renegraeber.de\/blog\/wp-json\/wp\/v2\/posts\/2716","targetHints":{"allow":["GET"]}}],"collection":[{"href":"https:\/\/renegraeber.de\/blog\/wp-json\/wp\/v2\/posts"}],"about":[{"href":"https:\/\/renegraeber.de\/blog\/wp-json\/wp\/v2\/types\/post"}],"author":[{"embeddable":true,"href":"https:\/\/renegraeber.de\/blog\/wp-json\/wp\/v2\/users\/1"}],"replies":[{"embeddable":true,"href":"https:\/\/renegraeber.de\/blog\/wp-json\/wp\/v2\/comments?post=2716"}],"version-history":[{"count":0,"href":"https:\/\/renegraeber.de\/blog\/wp-json\/wp\/v2\/posts\/2716\/revisions"}],"wp:featuredmedia":[{"embeddable":true,"href":"https:\/\/renegraeber.de\/blog\/wp-json\/wp\/v2\/media\/2717"}],"wp:attachment":[{"href":"https:\/\/renegraeber.de\/blog\/wp-json\/wp\/v2\/media?parent=2716"}],"wp:term":[{"taxonomy":"category","embeddable":true,"href":"https:\/\/renegraeber.de\/blog\/wp-json\/wp\/v2\/categories?post=2716"},{"taxonomy":"post_tag","embeddable":true,"href":"https:\/\/renegraeber.de\/blog\/wp-json\/wp\/v2\/tags?post=2716"}],"curies":[{"name":"wp","href":"https:\/\/api.w.org\/{rel}","templated":true}]}}