{"id":2702,"date":"2021-01-18T10:59:30","date_gmt":"2021-01-18T09:59:30","guid":{"rendered":"https:\/\/renegraeber.de\/blog\/?p=2702"},"modified":"2021-01-18T10:59:30","modified_gmt":"2021-01-18T09:59:30","slug":"merkt-ihr-es-irgendwann","status":"publish","type":"post","link":"https:\/\/renegraeber.de\/blog\/merkt-ihr-es-irgendwann\/","title":{"rendered":"Merkt ihr es irgendwann? Oder wollt ihr es nicht sehen?"},"content":{"rendered":"<p><a href=\"https:\/\/renegraeber.de\/blog\/wp-content\/uploads\/2021\/01\/merkt-ihr-es.png\"><img decoding=\"async\" class=\"aligncenter size-full wp-image-2713\" src=\"https:\/\/renegraeber.de\/blog\/wp-content\/uploads\/2021\/01\/merkt-ihr-es.png\" alt=\"Merkt ihr es?\" width=\"610\" height=\"405\" srcset=\"https:\/\/renegraeber.de\/blog\/wp-content\/uploads\/2021\/01\/merkt-ihr-es.png 610w, https:\/\/renegraeber.de\/blog\/wp-content\/uploads\/2021\/01\/merkt-ihr-es-300x199.png 300w\" sizes=\"(max-width: 610px) 100vw, 610px\" \/><\/a><\/p>\n<p>Meine Frage in der \u00dcberschrift ist ernst gemeint. Das Schmierentheater &#8222;im Namen der Gesundheit&#8220; w\u00fcrde ich den Darstellern ja abkaufen &#8211; wenn, ja wenn ich mich nicht seit fast 15 Jahren intensiv mit der &#8222;Materie&#8220; besch\u00e4ftigen w\u00fcrde.<\/p>\n<p><!--more--><\/p>\n<p>Horst Seehofer sagte damals als Gesundheitsminister bereits \u00fcber Lobbyismus das hier:<\/p>\n<ul>\n<li><a href=\"https:\/\/www.youtube.com\/watch?v=zLkT0EHI3sY\" target=\"_blank\" rel=\"noopener\">https:\/\/www.youtube.com\/watch?v=zLkT0EHI3sY<\/a><\/li>\n<\/ul>\n<p>Und wer das nicht glaubt bei Pelzig:<\/p>\n<ul>\n<li><a href=\"https:\/\/www.youtube.com\/watch?v=0OO-tarb3pU\" target=\"_blank\" rel=\"noopener\">https:\/\/www.youtube.com\/watch?v=0OO-tarb3pU<\/a><\/li>\n<\/ul>\n<p style=\"padding-left: 40px;\"><em>&#8222;Diejenigen die entscheiden sind nicht gew\u00e4hlt und diejenigen die gew\u00e4hlt werden haben nichts zu entscheiden.&#8220;<\/em><\/p>\n<p>HALLO? Der Mann ist und war einer der Spitzenpolitiker in Deutschland.<\/p>\n<p>Seit dem M\u00e4rz 2020 sind Millionen Deutsche &#8222;aufgeschreckt&#8220; und halten selbst die offen zug\u00e4nglichen Fakten f\u00fcr &#8222;Verschw\u00f6rungstheorien&#8220; &#8211; wird ja auch von zahlreichen &#8222;Qualit\u00e4tsmedien&#8220; so befeuert. Nat\u00fcrlich gibt es eine Menge krudes Zeug, was seit Monaten auch mit an die Oberfl\u00e4che gesp\u00fclt und kolportiert wird.<br \/>\nAber das, was zug\u00e4nglich ist, wird mittlerweile verdreht und verbogen, dass sich die ber\u00fchmten Balken biegen!<\/p>\n<p>Beispiel?<\/p>\n<ul>\n<li><a href=\"https:\/\/renegraeber.de\/blog\/zahlentrickser-schulmedizin-pharmaindustrie-politik\/\">https:\/\/renegraeber.de\/blog\/zahlentrickser-schulmedizin-pharmaindustrie-politik\/<\/a><\/li>\n<\/ul>\n<p>Ich finde es absolut ersch\u00fctternd, wenn Patienten sich Medizinern anvertrauen, die zu 70 bis 80 Prozent ihre Therapieentscheidungen aufgrund von gef\u00e4lschten wissenschaftlichen Studien f\u00e4llen, von denen nicht der Patient, sondern der Tablettenhersteller einen Nutzen hat.<\/p>\n<p>Und das sind jetzt genau die Menschen, die mit Vorerkrankungen in den Heimen liegen und sterben. Ja, ich pauschalisiere.<\/p>\n<p>Aber jetzt kommen unsere Hauptdarsteller und verkaufen uns das angebliche Allheiligmittel: Impfung. Die Impfung die wir mit Millionen und Milliarden aus Steuergeldern bezahlen (in der Entwicklung und im Einkauf). Was ist das denn f\u00fcr eine geile Geldmaschine?<\/p>\n<p>Klar&#8230; &#8222;Verschw\u00f6rung&#8220;&#8230; aber die durfte Georg Schramm in der Anstalt noch zum Besten geben:<\/p>\n<ul>\n<li><a href=\"https:\/\/www.youtube.com\/watch?v=une9Nncb79w\" target=\"_blank\" rel=\"noopener\">https:\/\/www.youtube.com\/watch?v=une9Nncb79w<\/a><\/li>\n<\/ul>\n<p>Gesehen, gelacht und dann doch wieder den Akteuren und Darstellern hinterher gehechelt. Ge\u00e4ndert hat sich NICHTS.<\/p>\n<p>Und es wird sich nichts \u00e4ndern. Denn die &#8222;Strukturen&#8220; sind zementiert und es wird Geld verdient. Es geht um Milliarden.<\/p>\n<p>Da geht man auch mal \u00fcber Leichen &#8211; merkt ja keiner:<\/p>\n<ul>\n<li><a href=\"https:\/\/naturheilt.com\/blog\/sacklers-pharma-opium-krise\/\" target=\"_blank\" rel=\"noopener\">https:\/\/naturheilt.com\/blog\/sacklers-pharma-opium-krise\/<\/a><\/li>\n<\/ul>\n<p>Und wer die Verflechtungen aufzeigt ist nat\u00fcrlich ein &#8230; \u00e4h&#8230; wie hei\u00dft das jetzt? Ach ja: Verschw\u00f6rungsdingsda usw&#8230;<\/p>\n<p>Ja, ja, ich wei\u00df: Es geht um Menschenleben. Ihr Lieben: Darum geht es in der Medizin immer.<\/p>\n<p>\u00dcbrigens: die Milliarden habt ihr mit Eurer ARBEIT und den Zwangsabgaben in die Krankenkassen erwirtschaftet. Und mit diesen Milliarden werden dann wieder Sachen finanziert die euch nat\u00fcrlich gesund machen&#8230;<\/p>\n<h2>Und dann die Verflechtungen<\/h2>\n<p>Welche? Na zum Beispiel die hier:<\/p>\n<ul>\n<li><a href=\"https:\/\/naturheilt.com\/blog\/kennedy-erklaert-wie-big-pharma-den-kongress-unterwandert-hat\/\" target=\"_blank\" rel=\"noopener\">https:\/\/naturheilt.com\/blog\/kennedy-erklaert-wie-big-pharma-den-kongress-unterwandert-hat\/<\/a><\/li>\n<\/ul>\n<p>Gut der &#8222;Kennedy&#8220; hat vielleicht auch nicht mehr alle Latten am Zaun &#8211; oder vielleicht doch?<\/p>\n<p>Na dann vielleicht die Qualit\u00e4tsmedien, die Anno 2018 noch richtig Qualit\u00e4t abgeliefert haben:<\/p>\n<ul>\n<li><a href=\"https:\/\/naturheilt.com\/blog\/die-pharmaindustrie-wie-wir-patienten-belogen-werden\/\" target=\"_blank\" rel=\"noopener\">https:\/\/naturheilt.com\/blog\/die-pharmaindustrie-wie-wir-patienten-belogen-werden\/<\/a><\/li>\n<\/ul>\n<p>Um es mal auf den Punkt zu bringen: Schaut euch an, wie Staatsanwaltschaften ins Leere laufen, Menschen bedroht und Redaktionen \u201egekauft\u201c werden, sowie gef\u00e4hrliche Medikamente in den Markt \u201egedr\u00fcckt\u201c werden\u2026<\/p>\n<p>Wer nach diesem Beitrag \/ Sendung immer noch glaubt, der m\u00e4chtigen Pharmaindustrie w\u00e4re an der Gesundheit und dem Wohle des Menschen gelegen, der irrt gewaltig und glaubt vermutlich auch noch an den Weihnachtsmann . Der Frontalbericht f\u00f6rdert zutage, dass es sich seitens des Pharmakartells um Macht und Profitgier handelt.<\/p>\n<p><strong>\u00dcbrigens: Wenn Sie solche Informationen interessieren, dann fordern Sie unbedingt meinen kostenlosen Praxis-Newsletter dazu an:<\/strong><br \/>\n<script type=\"text\/javascript\" src=\"https:\/\/rene-graeber.de\/view_webform_v2.js?u=v9&#038;webforms_id=pDDkW\"><\/script><\/p>\n<h2>Sind das vielleicht die gleichen Leute, die uns jetzt ihre Impfungen andrehen wollen?<\/h2>\n<h4><em>&#8222;Die Pharmaindustrie ist schlimmer als die Mafia.&#8220; <\/em><\/h4>\n<p>Sage nicht ich, sondern sagt einer der renommiertesten auf dem Gebiet der Pharmakologie: Dr. Peter Christian G\u00f6tzsche. Gut, daf\u00fcr haben sie ihn dann auch kalt gestellt und mundtot gemacht:<\/p>\n<ul>\n<li><a href=\"https:\/\/naturheilt.com\/blog\/fuehrender-medizin-wissenschaftler-wird-mundtot-gemacht\/\" target=\"_blank\" rel=\"noopener\">https:\/\/naturheilt.com\/blog\/fuehrender-medizin-wissenschaftler-wird-mundtot-gemacht\/<\/a><\/li>\n<\/ul>\n<p>Kommt Euch das bekannt vor? Das mit dem mundtot und kalt gestellt?<\/p>\n<p>Ja, seit 2020 geht das jetzt noch schneller. Jetzt merken es immer mehr. Renommierte Wissenschaftler wie Prof. Bhakdi oder der ehemalige EU- und Bundestagsabgeordnete Dr. Wodarg, Lungenfacharzt und ehemaliger Amtsarztleiter werden medial vernichtet. Vom Geachteten zum Ge\u00e4chteten:<\/p>\n<ul>\n<li><a href=\"https:\/\/www.yamedo.de\/blog\/bhakdi-der-geaechtete\/\" target=\"_blank\" rel=\"noopener\">https:\/\/www.yamedo.de\/blog\/bhakdi-der-geaechtete\/<\/a><\/li>\n<\/ul>\n<p>Die Lockdowns haben ja im M\u00e4rz 2020 schon so super funktioniert. Und auch seit November. Ganz klasse. Im Sommer sch\u00f6n Abstand und Maske und dann kommt das Vieh doch wieder? Und wen erwischt es? Die Alten. Und nat\u00fcrlich die Menschen deren Immunsystem eh v\u00f6llig inkompetent ist, siehe:<\/p>\n<ul>\n<li><a href=\"https:\/\/www.naturheilt.com\/Inhalt\/Immunbalance.htm\" target=\"_blank\" rel=\"noopener\">https:\/\/www.naturheilt.com\/Inhalt\/Immunbalance.htm<\/a><\/li>\n<\/ul>\n<p>In diesem Beitrag steht im Wesentlichen das WARUM.<\/p>\n<p>Jetzt werden seit Monaten (angeblich) alle Hebel in Bewegung gesetzt und der Rest von Deutschland in die Gr\u00fctze gefahren. Nicht ganz: die Baubranche feiert ein Hoch nach dem anderen. Auf der Strecke bleiben die kleinen Betriebe, Gesch\u00e4fte, K\u00fcnstler, Restaurants, Fitnessstudios. <strong>Komisch ist auch, dass trotz angeblicher Notlage in den Klinken 20 Krankenh\u00e4user im Jahr 2020 geschlossen wurden.<\/strong><\/p>\n<p>Aber es wird weiter an den bekannten Hebeln gezogen: Medikamente und Impfungen. Und nat\u00fcrlich &#8222;Ma\u00dfnahmen&#8220;. Leben m\u00fcssen ja gerettet werden. Das kommt mir nur leider so vor, als wolle man einen Wald mit einer stumpfen Axt f\u00e4llen. Da die Axt aber immer stumpfer wird, soll die L\u00f6sung sein: mehr Leute, mit noch mehr stumpfen \u00c4xten.<\/p>\n<p>Das sich daran nichts \u00e4ndert ist bekannt. <strong>Nicht erst seit Herrn Spahn ist bekannt, dass das Gesundheitsministerium ein Freund der Pharmaindustrie ist:<\/strong><\/p>\n<ul>\n<li><a href=\"https:\/\/naturheilt.com\/blog\/das-bundesgesundheitsministerium-freund-der-pharmaindustrie\/\" target=\"_blank\" rel=\"noopener\">https:\/\/naturheilt.com\/blog\/das-bundesgesundheitsministerium-freund-der-pharmaindustrie\/<\/a><\/li>\n<\/ul>\n<h2>Und die Verflechtungen bei der STIKO (St\u00e4ndigen Impfkommission)?<\/h2>\n<ul>\n<li><a href=\"https:\/\/www.naturheilt.com\/medikamentenskandal\/verflechtungen-bei-der-staendigen-impfkommission.html\" target=\"_blank\" rel=\"noopener\">https:\/\/www.naturheilt.com\/medikamentenskandal\/verflechtungen-bei-der-staendigen-impfkommission.html<\/a><\/li>\n<\/ul>\n<p>Glaubt ja auch keiner. Und die, die es wissen, machen nichts.<\/p>\n<p>Im Westen also nichts Neues.<\/p>\n<h4>Ist Corona ein Problem?<\/h4>\n<p>Ja, ganz klar. Hat das Besonderheiten in der Folge jenseits der Letalit\u00e4t? Ja.<\/p>\n<p>Und genau damit w\u00e4ren wir wieder bei der Sache mit den Ma\u00dfnahmen. Wir k\u00f6nnen uns \u00fcber alles unterhalten: Medikamente, Hygiene, Masken, usw.<\/p>\n<p>Aber so lange in unserem Land derart &#8222;gearbeitet&#8220; (wie gearbeitet) wird, ist diese Diskussion nicht mehr wirklich m\u00f6glich.<\/p>\n<p>Und die Alternativen (und was zu tun w\u00e4re) sind eigentlich auch klar.<\/p>\n<p>Aber so Sachen wie Vitamin D oder Vitamin C, usw. wird ja auch medial ge\u00e4chtet und niedergemacht. Deshalb sichern Sie sich (wenn Sie es noch nicht haben), meine &#8222;Akte Corona&#8220;:<\/p>\n<p><a href=\"https:\/\/www.renegraeber.de\/akte-corona.html\"><img decoding=\"async\" class=\"aligncenter size-full wp-image-2634\" src=\"https:\/\/renegraeber.de\/blog\/wp-content\/uploads\/2020\/12\/0_akte-corona_610px_WEB.jpg\" alt=\"Buch: Die Akte Corona\" width=\"611\" height=\"282\" srcset=\"https:\/\/renegraeber.de\/blog\/wp-content\/uploads\/2020\/12\/0_akte-corona_610px_WEB.jpg 611w, https:\/\/renegraeber.de\/blog\/wp-content\/uploads\/2020\/12\/0_akte-corona_610px_WEB-300x138.jpg 300w\" sizes=\"(max-width: 611px) 100vw, 611px\" \/><\/a><\/p>\n<p>So, jetzt reicht es f\u00fcr heute aber wieder&#8230;<\/p>\n<p><strong>Noch etwas: Wenn Sie solche Informationen interessieren, dann fordern Sie unbedingt meinen kostenlosen Praxis-Newsletter &#8222;Unabh\u00e4ngig. Nat\u00fcrlich. Klare Kante.&#8220; dazu an:<\/strong><br \/>\n<script type=\"text\/javascript\" src=\"https:\/\/rene-graeber.de\/view_webform_v2.js?u=v9&#038;webforms_id=pL1KE\"><\/script><\/p>\n","protected":false},"excerpt":{"rendered":"<p>Meine Frage in der \u00dcberschrift ist ernst gemeint. Das Schmierentheater &#8222;im Namen der Gesundheit&#8220; w\u00fcrde ich den Darstellern ja abkaufen &#8211; wenn, ja wenn ich mich nicht seit fast 15 Jahren intensiv mit der &#8222;Materie&#8220; besch\u00e4ftigen w\u00fcrde.<\/p>\n","protected":false},"author":1,"featured_media":4787,"comment_status":"open","ping_status":"open","sticky":false,"template":"","format":"standard","meta":{"footnotes":""},"categories":[2],"tags":[3,161],"class_list":["post-2702","post","type-post","status-publish","format-standard","has-post-thumbnail","hentry","category-corona","tag-corona","tag-pharmaindustrie"],"_links":{"self":[{"href":"https:\/\/renegraeber.de\/blog\/wp-json\/wp\/v2\/posts\/2702","targetHints":{"allow":["GET"]}}],"collection":[{"href":"https:\/\/renegraeber.de\/blog\/wp-json\/wp\/v2\/posts"}],"about":[{"href":"https:\/\/renegraeber.de\/blog\/wp-json\/wp\/v2\/types\/post"}],"author":[{"embeddable":true,"href":"https:\/\/renegraeber.de\/blog\/wp-json\/wp\/v2\/users\/1"}],"replies":[{"embeddable":true,"href":"https:\/\/renegraeber.de\/blog\/wp-json\/wp\/v2\/comments?post=2702"}],"version-history":[{"count":0,"href":"https:\/\/renegraeber.de\/blog\/wp-json\/wp\/v2\/posts\/2702\/revisions"}],"wp:featuredmedia":[{"embeddable":true,"href":"https:\/\/renegraeber.de\/blog\/wp-json\/wp\/v2\/media\/4787"}],"wp:attachment":[{"href":"https:\/\/renegraeber.de\/blog\/wp-json\/wp\/v2\/media?parent=2702"}],"wp:term":[{"taxonomy":"category","embeddable":true,"href":"https:\/\/renegraeber.de\/blog\/wp-json\/wp\/v2\/categories?post=2702"},{"taxonomy":"post_tag","embeddable":true,"href":"https:\/\/renegraeber.de\/blog\/wp-json\/wp\/v2\/tags?post=2702"}],"curies":[{"name":"wp","href":"https:\/\/api.w.org\/{rel}","templated":true}]}}