{"id":2668,"date":"2021-01-06T13:26:34","date_gmt":"2021-01-06T12:26:34","guid":{"rendered":"https:\/\/renegraeber.de\/blog\/?p=2668"},"modified":"2021-01-06T13:26:34","modified_gmt":"2021-01-06T12:26:34","slug":"januar-2020-noch-mehr-lockdown","status":"publish","type":"post","link":"https:\/\/renegraeber.de\/blog\/januar-2020-noch-mehr-lockdown\/","title":{"rendered":"Januar 2020: Noch mehr Lockdown"},"content":{"rendered":"<p>Wir haben angeblich eine unklare Datenlage wegen der vergangenen Feiertage. Dennoch beschlie\u00dft man noch h\u00e4rtere Grundrechtseinschr\u00e4nkungen. Gesch\u00e4fte zu, Schulen zu, Kitas zu. Bewegungseinschr\u00e4nkungen und nur noch eine Person pro Haushalt als Besuch. Dann kommen eben nicht mehr Oma und Opa zu Besuch, sondern Oma oder Opa.<\/p>\n<p>Und dann die 15 Kilometer-Regelung.<\/p>\n<p><!--more--><\/p>\n<p>15 Kilometer um Berlin Mitte? Damit kann man gut leben &#8211; oder? 15 Kilometer um Eggenfelden (Bayern)? Schon schwieriger. Mit den 15 km braucht man jetzt allerdings auch wieder Kenntnisse der Geometrie. Also Zirkel auf die Karte, Ma\u00dfstab beachten und los geht\u00b4s. Jetzt wisst ihr, was euer Mathe-Lehrer meinte, als er damals sagte: &#8222;Ihr werdet das im Leben nochmal brauchen!&#8220;<br \/>\nExponentielles Wachstum, Kurvendiskussion, Statistik; hatten wir alles 2020. Jetzt kommt eben Geometrie.<\/p>\n<p>Gut&#8230; an der Sache mit dem exponentiellen Wachstum sind ja schon einige gescheitert, auch Herr Spahn und genau genommen auch Frau Merkel:<\/p>\n<ul>\n<li><a href=\"https:\/\/www.yamedo.de\/forum\/thread\/3531-der-begriff-des-exponentiellen-wachstums-und-warum-dieser-falsch-gebraucht-wird\/\" target=\"_blank\" rel=\"noopener\">https:\/\/www.yamedo.de\/forum\/thread\/3531-der-begriff-des-exponentiellen-wachstums-und-warum-dieser-falsch-gebraucht-wird\/<\/a><\/li>\n<\/ul>\n<p>Deswegen ja jetzt auch eher einfache Geometrie und Algebra. Beispiel &#8222;Inzidenzen&#8220;.<\/p>\n<p>&#8222;Inzidenzen&#8220; sind jetzt wieder das Zauberwort. Unter 50 pro 100.000 Einwohnern. Und wenn es nach Herrn Lauterbach geht, sogar unter 25. Wie diese Inzidenzzahlen ganz einfach herbeigetestet werden k\u00f6nnen, hatte ich bereits hier gezeigt:<\/p>\n<ul>\n<li><a href=\"https:\/\/renegraeber.de\/blog\/portugal-pcr-test-vor-gericht\/\">https:\/\/renegraeber.de\/blog\/portugal-pcr-test-vor-gericht\/<\/a><\/li>\n<\/ul>\n<p>Also frohes Weiter-Lockdownern. Leben m\u00fcssen gerettet werden. Aber nur in Deutschland &#8211; anscheinend. Denn die Lockdowns werden weltweit mehr Leben kosten, als Covid; das sagt unser Bundesentwicklungsminister &#8211; also alles ganz &#8222;offiziell&#8220;:<\/p>\n<ul>\n<li><a href=\"https:\/\/www.yamedo.de\/blog\/folgen-des-lockdowns\/\" target=\"_blank\" rel=\"noopener\">https:\/\/www.yamedo.de\/blog\/folgen-des-lockdowns\/<\/a><\/li>\n<\/ul>\n<p><strong>\u00dcbrigens: Wenn Sie solche Informationen interessieren, dann fordern Sie unbedingt meinen kostenlosen Praxis-Newsletter &#8222;Unabh\u00e4ngig. Nat\u00fcrlich. Klare Kante.&#8220; dazu an:<\/strong><br \/>\n<script type=\"text\/javascript\" src=\"https:\/\/rene-graeber.de\/view_webform_v2.js?u=v9&#038;webforms_id=pL1KE\"><\/script><\/p>\n<p>Das interessiert aber nicht. In Deutschland soll gerettet werden. Was interessiert uns der Rest der Welt? Bl\u00f6d nur, dass man die Sache mit der Impfstoffbestellung f\u00fcr Deutschland vergeigt hat. Oder vielleicht doch nicht? Manch b\u00f6sartige Zungen behaupten sogar, dass die Kanzlerin endlich mal ihrem Amtseid nachgekommen sei Schaden vom Deutschen Volk abzuwenden.<\/p>\n<p>Auf die Idee k\u00f6nnte man ja kommen, wenn man sich die Zahlen zum Impfstoff anschaut:<\/p>\n<ul>\n<li><a href=\"https:\/\/freie-impfentscheidung.de\/schwere-corona-infektion-unter-impfung-haeufiger\/\" target=\"_blank\" rel=\"noopener\">https:\/\/freie-impfentscheidung.de\/schwere-corona-infektion-unter-impfung-haeufiger\/<\/a><\/li>\n<\/ul>\n<p>In den Pflegeheimen k\u00f6nnen sich die Menschen kaum gegen die Impfung wehren. Zu den Impfzentren muss man noch freiwillig fahren. Bl\u00f6d nur, dass der Ansturm ausbleibt, wie z.B. auch Die Welt am 4.1. berichtete. Leere St\u00fchle, leere Schalter in Saarbr\u00fccken. 200 Menschen kommen pro Tag; f\u00fcr 2.000 w\u00e4re Kapazit\u00e4t. Na, es werden sicher noch mehr werden, wenn allen endlich mal klar ist, dass es nur mit der Impfung wieder ein &#8222;normales Leben&#8220; gibt, in der &#8222;Neuen Normalit\u00e4t&#8220;.<\/p>\n<p>Kommen wir also (wieder einmal) zum wichtigsten Punkt der Regierenden: Auslastung der Kliniken. Die Helios-Kliniken schreiben auf ihrer Webseite: <em>&#8222;Zurzeit ist die Lage in unseren Kliniken weitgehend unkritisch. Allerdings gibt es deutliche regionale Unterschiede.&#8220;<\/em> Klar. Solche &#8222;regionalen Unterschiede&#8220; gibt es in jeder Grippesaison. Ich hatte dazu auch mehrfach berichtet und Berichte aus fr\u00fcheren Epidemien gebracht. Hier einige Ausschnitte aus fr\u00fcheren Grippewellen:<\/p>\n<p><a href=\"https:\/\/renegraeber.de\/blog\/wp-content\/uploads\/2020\/11\/bild-grippe-gau-2018-min.png\"><img decoding=\"async\" class=\"aligncenter size-full wp-image-2561\" src=\"https:\/\/renegraeber.de\/blog\/wp-content\/uploads\/2020\/11\/bild-grippe-gau-2018-min.png\" alt=\"Grippe GAU in Leipzigs Kliniken BILD.de\" width=\"900\" height=\"778\" srcset=\"https:\/\/renegraeber.de\/blog\/wp-content\/uploads\/2020\/11\/bild-grippe-gau-2018-min.png 900w, https:\/\/renegraeber.de\/blog\/wp-content\/uploads\/2020\/11\/bild-grippe-gau-2018-min-300x259.png 300w, https:\/\/renegraeber.de\/blog\/wp-content\/uploads\/2020\/11\/bild-grippe-gau-2018-min-768x664.png 768w, https:\/\/renegraeber.de\/blog\/wp-content\/uploads\/2020\/11\/bild-grippe-gau-2018-min-705x609.png 705w\" sizes=\"(max-width: 900px) 100vw, 900px\" \/><\/a><\/p>\n<p>Oder:<\/p>\n<h2><a href=\"https:\/\/renegraeber.de\/blog\/wp-content\/uploads\/2020\/11\/welt-kliniken-schliessen-wegen-ueberfuellung-min.png\"><img decoding=\"async\" class=\"aligncenter size-full wp-image-2563\" src=\"https:\/\/renegraeber.de\/blog\/wp-content\/uploads\/2020\/11\/welt-kliniken-schliessen-wegen-ueberfuellung-min.png\" alt=\"welt.de - Kliniken schlie\u00dfen wegen \u00dcberf\u00fcllung ihre Kliniken\" width=\"900\" height=\"1058\" srcset=\"https:\/\/renegraeber.de\/blog\/wp-content\/uploads\/2020\/11\/welt-kliniken-schliessen-wegen-ueberfuellung-min.png 900w, https:\/\/renegraeber.de\/blog\/wp-content\/uploads\/2020\/11\/welt-kliniken-schliessen-wegen-ueberfuellung-min-255x300.png 255w, https:\/\/renegraeber.de\/blog\/wp-content\/uploads\/2020\/11\/welt-kliniken-schliessen-wegen-ueberfuellung-min-876x1030.png 876w, https:\/\/renegraeber.de\/blog\/wp-content\/uploads\/2020\/11\/welt-kliniken-schliessen-wegen-ueberfuellung-min-768x903.png 768w, https:\/\/renegraeber.de\/blog\/wp-content\/uploads\/2020\/11\/welt-kliniken-schliessen-wegen-ueberfuellung-min-600x705.png 600w\" sizes=\"(max-width: 900px) 100vw, 900px\" \/><\/a>Zu den Kliniken:<\/h2>\n<p>Die Grafik unten zeigt die Auslastung am 5.1.21 in Deutschland. Quelle: das &#8222;offizielle&#8220; Intensivregister:<\/p>\n<p><a href=\"https:\/\/renegraeber.de\/blog\/wp-content\/uploads\/2021\/01\/intensivbetten-05-01-21.png\"><img decoding=\"async\" class=\"aligncenter size-full wp-image-2675\" src=\"https:\/\/renegraeber.de\/blog\/wp-content\/uploads\/2021\/01\/intensivbetten-05-01-21.png\" alt=\"\" width=\"752\" height=\"684\" srcset=\"https:\/\/renegraeber.de\/blog\/wp-content\/uploads\/2021\/01\/intensivbetten-05-01-21.png 752w, https:\/\/renegraeber.de\/blog\/wp-content\/uploads\/2021\/01\/intensivbetten-05-01-21-300x273.png 300w, https:\/\/renegraeber.de\/blog\/wp-content\/uploads\/2021\/01\/intensivbetten-05-01-21-705x641.png 705w\" sizes=\"(max-width: 752px) 100vw, 752px\" \/><\/a><br \/>\nDie Frage die sich beim Betrachten der Grafik stellt: Warum sinkt die freie Bettenkapazit\u00e4t? Tja&#8230; eine \u00fcberraschende Antwort ist diese hier:<\/p>\n<ul>\n<li><a href=\"https:\/\/www.yamedo.de\/blog\/knappe-intensivbetten-covid-19\/\" target=\"_blank\" rel=\"noopener\">https:\/\/www.yamedo.de\/blog\/knappe-intensivbetten-covid-19\/<\/a><\/li>\n<\/ul>\n<p>Achso&#8230; das mutierte Virus aus England&#8230; da wei\u00df man ja auch noch nicht&#8230; usw. usw. Also gef\u00e4hrlich! Angst! Lockdown.<br \/>\nGlauben Sie blo\u00df nicht dem Gr\u00e4ber und seinen Zahlen:<\/p>\n<ul>\n<li><a href=\"https:\/\/www.yamedo.de\/blog\/neues-virus-aus-grossbritannien\/\" target=\"_blank\" rel=\"noopener\">https:\/\/www.yamedo.de\/blog\/neues-virus-aus-grossbritannien\/<\/a><\/li>\n<\/ul>\n<p>Glauben Sie nur den offiziellen Beh\u00f6rden. Ich wei\u00df, die Ma\u00dfnahmen sind hart, die Zahlen sind nicht ganz klar, aber wir sperren euch trotzdem ein. Meckern Sie nicht, wir d\u00fcrfen das. Haben wir ja schlie\u00dflich beschlossen! Siehe:<\/p>\n<ul>\n<li><a href=\"https:\/\/renegraeber.de\/blog\/corona-gesetz-nachbetrachtung\/\">https:\/\/renegraeber.de\/blog\/corona-gesetz-nachbetrachtung\/<\/a><\/li>\n<\/ul>\n<p><strong>\u00dcbrigens: Wenn Sie solche Informationen interessieren, dann fordern Sie unbedingt meinen kostenlosen Praxis-Newsletter &#8222;Unabh\u00e4ngig. Nat\u00fcrlich. Klare Kante.&#8220; dazu an:<\/strong><br \/>\n<script type=\"text\/javascript\" src=\"https:\/\/rene-graeber.de\/view_webform_v2.js?u=v9&#038;webforms_id=pL1KE\"><\/script><\/p>\n","protected":false},"excerpt":{"rendered":"<p>Wir haben angeblich eine unklare Datenlage wegen der vergangenen Feiertage. Dennoch beschlie\u00dft man noch h\u00e4rtere Grundrechtseinschr\u00e4nkungen. Gesch\u00e4fte zu, Schulen zu, Kitas zu. Bewegungseinschr\u00e4nkungen und nur noch eine Person pro Haushalt als Besuch. Dann kommen eben nicht mehr Oma und Opa zu Besuch, sondern Oma oder Opa. Und dann die 15 Kilometer-Regelung.<\/p>\n","protected":false},"author":1,"featured_media":2675,"comment_status":"open","ping_status":"open","sticky":false,"template":"","format":"standard","meta":{"footnotes":""},"categories":[2],"tags":[],"class_list":["post-2668","post","type-post","status-publish","format-standard","has-post-thumbnail","hentry","category-corona"],"_links":{"self":[{"href":"https:\/\/renegraeber.de\/blog\/wp-json\/wp\/v2\/posts\/2668","targetHints":{"allow":["GET"]}}],"collection":[{"href":"https:\/\/renegraeber.de\/blog\/wp-json\/wp\/v2\/posts"}],"about":[{"href":"https:\/\/renegraeber.de\/blog\/wp-json\/wp\/v2\/types\/post"}],"author":[{"embeddable":true,"href":"https:\/\/renegraeber.de\/blog\/wp-json\/wp\/v2\/users\/1"}],"replies":[{"embeddable":true,"href":"https:\/\/renegraeber.de\/blog\/wp-json\/wp\/v2\/comments?post=2668"}],"version-history":[{"count":0,"href":"https:\/\/renegraeber.de\/blog\/wp-json\/wp\/v2\/posts\/2668\/revisions"}],"wp:featuredmedia":[{"embeddable":true,"href":"https:\/\/renegraeber.de\/blog\/wp-json\/wp\/v2\/media\/2675"}],"wp:attachment":[{"href":"https:\/\/renegraeber.de\/blog\/wp-json\/wp\/v2\/media?parent=2668"}],"wp:term":[{"taxonomy":"category","embeddable":true,"href":"https:\/\/renegraeber.de\/blog\/wp-json\/wp\/v2\/categories?post=2668"},{"taxonomy":"post_tag","embeddable":true,"href":"https:\/\/renegraeber.de\/blog\/wp-json\/wp\/v2\/tags?post=2668"}],"curies":[{"name":"wp","href":"https:\/\/api.w.org\/{rel}","templated":true}]}}