{"id":2604,"date":"2020-11-29T14:16:05","date_gmt":"2020-11-29T13:16:05","guid":{"rendered":"https:\/\/renegraeber.de\/blog\/?p=2604"},"modified":"2020-11-29T14:16:05","modified_gmt":"2020-11-29T13:16:05","slug":"die-abschaffung-der-heilpraktiker","status":"publish","type":"post","link":"https:\/\/renegraeber.de\/blog\/die-abschaffung-der-heilpraktiker\/","title":{"rendered":"Die Abschaffung der Heilpraktiker"},"content":{"rendered":"<p><a href=\"https:\/\/renegraeber.de\/blog\/wp-content\/uploads\/2020\/11\/abschaffung-heilpraktiker-min.png\"><img decoding=\"async\" class=\"aligncenter size-full wp-image-2611\" src=\"https:\/\/renegraeber.de\/blog\/wp-content\/uploads\/2020\/11\/abschaffung-heilpraktiker-min.png\" alt=\"Abschaffung der Heilpraktiker\" width=\"962\" height=\"645\" srcset=\"https:\/\/renegraeber.de\/blog\/wp-content\/uploads\/2020\/11\/abschaffung-heilpraktiker-min.png 962w, https:\/\/renegraeber.de\/blog\/wp-content\/uploads\/2020\/11\/abschaffung-heilpraktiker-min-300x201.png 300w, https:\/\/renegraeber.de\/blog\/wp-content\/uploads\/2020\/11\/abschaffung-heilpraktiker-min-768x515.png 768w, https:\/\/renegraeber.de\/blog\/wp-content\/uploads\/2020\/11\/abschaffung-heilpraktiker-min-705x473.png 705w\" sizes=\"(max-width: 962px) 100vw, 962px\" \/><\/a><\/p>\n<p>Im Windschatten von Corona werden weitere Dinge vorangetrieben, von denen die Meisten gar nichts mitbekommen. Man muss fast sagen: auch gar nichts mitbekommen wollen.<\/p>\n<p><!--more--><br \/>\nIch mache diesen Menschen auch keinen Vorwurf. Die meisten Menschen m\u00f6chten &#8222;nur&#8220; ihr Leben leben und \/ oder sich mit den Dingen besch\u00e4ftigen, die sie gerne tun. Naja&#8230; wenn sie es denn t\u00e4ten&#8230;<\/p>\n<p>Die meisten Menschen gehen zu einer Arbeit (die sie nicht m\u00f6gen) um damit Geld zu verdienen um in ihrer sp\u00e4rlichen Freizeit das zu tun, was sie gerne tun wollen w\u00fcrden. Aber die &#8222;Freizeit&#8220; ist derzeit ja ganz sch\u00f6n eingeschr\u00e4nkt &#8211; gell? Macht aber nichts, weil wir machen das ja um andere zu sch\u00fctzen &#8211; angeblich.<\/p>\n<p>Eigentlich w\u00e4hlen wir ja auch Vertreter (Politiker) und haben Beamte, die f\u00fcr &#8222;uns&#8220; die Entscheidungen finden und umsetzen, damit wir das nicht selbst tun m\u00fcssen. Soweit so gut. Alles nichts Neues mehr.<\/p>\n<p>Allerdings haben wir es seit einigen Jahren mit Akteuren und Einflu\u00dfnahmen zu tun, die \u00fcber eine Finanzkraft (=Geld) verf\u00fcgen, die jeden Staatshaushalt bei weitem \u00fcbersteigen. Bestes Beispiel ist die Firma Blackrock. Wer die \u00fcbrigens nicht kennt, sollte sich mal die ARTE Doku &#8222;Die unheimliche Macht eines Finanzkonzerns&#8220; ansehen. Auch nichts Neues mehr. Das alte Sprichwort &#8222;Geld regiert die Welt&#8220; kennt ihr ja&#8230; (oder ist das jetzt auch schon Neusprech-Fake-News?)<\/p>\n<p>Und die Pharmaindustrie (Big-Pharma) ist dabei. Ihr wollt eine krisensicher Aktie? Big-Pharma. Krank sind Menschen immer. Und die chronischen Krankheiten nehmen zu:<\/p>\n<ul>\n<li><a href=\"https:\/\/www.naturheilt.com\/Inhalt\/ChronischeKrankheit.htm\" target=\"_blank\" rel=\"noopener noreferrer\">https:\/\/www.naturheilt.com\/Inhalt\/ChronischeKrankheit.htm<\/a><\/li>\n<\/ul>\n<p>Trotz (oder wegen?) unserer tollen High-Tech-Pharma-Medizin. Die meisten Menschen glauben immer noch gerne, dass sie so weitermachen k\u00f6nnen wie bisher und sie dann &#8222;nur&#8220; eine Pille nehmen m\u00fcssen &#8211; so wie es die Werbung suggeriert.<\/p>\n<p>Mit im Spiel: Astroturfing. Was ist das? Fake-News auf hohem Niveau. Nein, ich meine nicht Corona&#8230; Schaut mal in folgenden Beitrag:<\/p>\n<ul>\n<li><a href=\"https:\/\/renegraeber.de\/blog\/hexenjagd-im-internet-astroturfing\/\" target=\"_blank\" rel=\"noopener noreferrer\">https:\/\/renegraeber.de\/blog\/hexenjagd-im-internet-astroturfing\/<\/a><\/li>\n<\/ul>\n<p>Den habe ich 2018 ver\u00f6ffentlicht.<\/p>\n<p>Die so getarnten Astroturfer betreiben dann Blogs, ver\u00f6ffentlichen Briefe, betreiben Facebook- und\/oder Twitter-Accounts, editieren Wikipedia-Seiten oder tummeln sich in den entsprechenden Foren, um dort als vermeintliche Einzelperson die entsprechenden \u201eGlaubensbekenntnisse\u201c zu verbreiten.<\/p>\n<p>Und dass es ein gigantisches Pharmakartell gibt, ist auch seit Jahrzehnten bekannt:<\/p>\n<ul>\n<li><a href=\"https:\/\/naturheilt.com\/blog\/die-pharmaindustrie-wie-wir-patienten-belogen-werden\/\" target=\"_blank\" rel=\"noopener noreferrer\">https:\/\/naturheilt.com\/blog\/die-pharmaindustrie-wie-wir-patienten-belogen-werden\/<\/a><\/li>\n<\/ul>\n<p>Wer immer noch glaubt, der m\u00e4chtigen Pharmaindustrie w\u00e4re an der Gesundheit und dem Wohle des Menschen gelegen, der irrt gewaltig und glaubt vermutlich auch noch an den Weihnachtsmann \u2013 so k\u00f6nnte ein Fazit lauten. Alles bekannt &#8211; VOR Corona.<\/p>\n<p>Ich berichte seit jetzt fast 20 Jahren dazu. Warum? Weil Menschen durch Medikamente krank werden (k\u00f6nnen). Krankheiten nehmen einen bestimmten Verlauf, so wie das Dr. Reckeweg vor vielen Jahrzehnten bereits zeigen konnte:<\/p>\n<ul>\n<li><a href=\"https:\/\/www.naturheilt.com\/Inhalt\/tabelle-reckeweg.htm\" target=\"_blank\" rel=\"noopener noreferrer\">https:\/\/www.naturheilt.com\/Inhalt\/tabelle-reckeweg.htm<\/a><\/li>\n<\/ul>\n<p>Das ist Grundwissen eines Heilpraktikers im ersten Lehrjahr. Aber genau diese Heilpraktiker sind jetzt die &#8222;neue Gefahr&#8220;. Die m\u00fcssen also abgeschafft werden.<\/p>\n<p><strong>\u00dcbrigens: Wenn Sie solche Informationen interessieren, dann fordern Sie unbedingt meinen kostenlosen Praxis-Newsletter &#8222;Unabh\u00e4ngig. Nat\u00fcrlich. Klare Kante.&#8220; dazu an:<\/strong><br \/>\n<script type=\"text\/javascript\" src=\"https:\/\/rene-graeber.de\/view_webform_v2.js?u=v9&#038;webforms_id=pL1KE\"><\/script><\/p>\n<h2>Abschaffung der Heilpraktiker?<\/h2>\n<p>Tja&#8230; Dazu wird m\u00e4chtig Front gemacht und die entsprechenden Lobbyisten (siehe oben) werden nicht m\u00fcde, die Heilpraktikerschaft als Gefahr f\u00fcr die Volksgesundheit darzustellen.<\/p>\n<p>Dabei kann dies relativ einfach ermittelt werden. Man muss nur einmal die Versicherer fragen.<\/p>\n<p>Herr Zellerer von der Continentalen hat dazu auf seinem fb Profil einmal Stellung genommen:<\/p>\n<ul>\n<li><a href=\"https:\/\/www.facebook.com\/zellerer\/posts\/207288747581938\" target=\"_blank\" rel=\"noopener noreferrer\">https:\/\/www.facebook.com\/zellerer\/posts\/207288747581938<\/a><\/li>\n<\/ul>\n<p>Herr Zellerer schreibt:<\/p>\n<p style=\"padding-left: 40px;\"><em>&#8222;Von insgesamt rund 47.000 bundesweit t\u00e4tigen Heilpraktikerinnen und Heilpraktikern sind derzeit rund 24.000 bei der Continentale mit Ihrer Berufshaftpflicht versichert. Davon entfallen ca. 12.000 auf unsere Landesdirektion: Die Zellerer GmbH, die ihren Sitz in M\u00fcnchen und somit im Bundesland Bayern hat, in dem von allen 47.000 bundesweit t\u00e4tigen Heilpraktiker(inne)n nahezu die H\u00e4lfte praktiziert.<\/em><\/p>\n<p style=\"padding-left: 40px;\"><em>Wie sch\u00e4tzen Sie die Gefahrenlage in den Heilpraktikerpraxen ein: Kommt es h\u00e4ufig zu Schadensf\u00e4llen?<\/em><\/p>\n<p style=\"padding-left: 40px;\"><em>Die Gefahrenlage ist definitiv sehr gering! Die Anzahl der Schadensf\u00e4lle ist derma\u00dfen minimal, dass \u201aDie Continentale\u2018 nicht einmal einen eigenen Punkt in der Schadenstatistik f\u00fcr Heilpraktiker-Risiken vorsieht. Bei anderen Versicherern sieht es \u00e4hnlich aus. Weder bei manuellen Therapieverfahren wie Chiropraktik oder Osteopathie, noch bei invasiven wie Akupunktur oder Injektionen gibt es nennenswerte Sch\u00e4den.<\/em><\/p>\n<p style=\"padding-left: 40px;\"><em>War das schon immer so?<\/em><\/p>\n<p style=\"padding-left: 40px;\"><em>Ich bin nun seit 35 Jahren in dieser Branche aktiv. In dieser Zeit hat sich der j\u00e4hrliche Beitrag f\u00fcr Berufshaftpflicht-Versicherungen von Heilpraktikern beim Unternehmensverbund Continentale nahezu halbiert: von 300,- DM netto (1985) auf 90,- Euro netto (2020). Dagegen hat sich die Versicherungssumme f\u00fcr Personen- und Sachsch\u00e4den nahezu versechsfacht: von 1.000.000,- DM auf 3.000.000.- Euro.<\/em><\/p>\n<p style=\"padding-left: 40px;\"><em>Und dass eine Versicherung den Beitrag nicht senkt bzw. die Versicherungssumme erh\u00f6ht, wenn tats\u00e4chlich viele Schadensf\u00e4lle vorliegen w\u00fcrden, d\u00fcrfte wohl jedem einleuchten. Wir Versicherer w\u00fcrden und m\u00fcssten, wenn Heilpraktiker tats\u00e4chlich so schadenstr\u00e4chtig w\u00e4ren, die Beitr\u00e4ge schon entsprechend nach oben anpassen. Und dass man bei 35 Jahren durchaus von einem repr\u00e4sentativen Zeitraum sprechen kann, steht wohl au\u00dfer Zweifel: Zahlen l\u00fcgen nicht!&#8220;<\/em><\/p>\n<h4>Und zur Ausbildung von Heilpraktikern m\u00f6chte ich mit den Worten von Prof. Dr. med. Julius Hackethal antworten:<\/h4>\n<p>&#8222;Die Medizinstudenten haben zum Staatsexamen zwar gro\u00dfes Wissen an biochemischen Formeln und biophysikalischen Gesetzen angesammelt, sind in der Geheimsprache Medizinbabylonisch weiterhin perfekt, aber weit weniger als Heilpraktiker in der Lage, n\u00fctzliche Heilhilfe selbst bei leichten Erkrankungen zu leisten.<\/p>\n<p>Jeder frischgebackene Heilpraktiker beherrscht nach zwei Jahren Abend- und Wochenendstudium mehr an praktischem K\u00f6nnen.&#8220;<br \/>\nProf. Dr. med. Julius Hackethal, in: Der Meineid des Hippokrates, 1992, Seite 184.<\/p>\n<p>Wer Prof. Hackethal nicht kennt: der sollte sich mal anschauen wof\u00fcr er seine Professur bekommen hat und was der in der Chirurgie zu seiner Zeit alles erfunden und verbessert hat. Mein Gro\u00dfvater (Chirurg) kannte den \u00fcbrigens noch&#8230;<\/p>\n<p>Ach ja&#8230; und wegen der Astroturfer usw.:<\/p>\n<p><strong>\u00dcbrigens: Wenn Sie solche Informationen interessieren, dann fordern Sie unbedingt meinen kostenlosen Praxis-Newsletter &#8222;Unabh\u00e4ngig. Nat\u00fcrlich. Klare Kante.&#8220; dazu an:<\/strong><br \/>\n<script type=\"text\/javascript\" src=\"https:\/\/rene-graeber.de\/view_webform_v2.js?u=v9&#038;webforms_id=pL1KE\"><\/script><\/p>\n","protected":false},"excerpt":{"rendered":"<p>Im Windschatten von Corona werden weitere Dinge vorangetrieben, von denen die Meisten gar nichts mitbekommen. Man muss fast sagen: auch gar nichts mitbekommen wollen.<\/p>\n","protected":false},"author":1,"featured_media":4762,"comment_status":"open","ping_status":"open","sticky":false,"template":"","format":"standard","meta":{"footnotes":""},"categories":[149],"tags":[3,81,42],"class_list":["post-2604","post","type-post","status-publish","format-standard","has-post-thumbnail","hentry","category-heilpraktiker","tag-corona","tag-konzerne","tag-pharmakartell"],"_links":{"self":[{"href":"https:\/\/renegraeber.de\/blog\/wp-json\/wp\/v2\/posts\/2604","targetHints":{"allow":["GET"]}}],"collection":[{"href":"https:\/\/renegraeber.de\/blog\/wp-json\/wp\/v2\/posts"}],"about":[{"href":"https:\/\/renegraeber.de\/blog\/wp-json\/wp\/v2\/types\/post"}],"author":[{"embeddable":true,"href":"https:\/\/renegraeber.de\/blog\/wp-json\/wp\/v2\/users\/1"}],"replies":[{"embeddable":true,"href":"https:\/\/renegraeber.de\/blog\/wp-json\/wp\/v2\/comments?post=2604"}],"version-history":[{"count":0,"href":"https:\/\/renegraeber.de\/blog\/wp-json\/wp\/v2\/posts\/2604\/revisions"}],"wp:featuredmedia":[{"embeddable":true,"href":"https:\/\/renegraeber.de\/blog\/wp-json\/wp\/v2\/media\/4762"}],"wp:attachment":[{"href":"https:\/\/renegraeber.de\/blog\/wp-json\/wp\/v2\/media?parent=2604"}],"wp:term":[{"taxonomy":"category","embeddable":true,"href":"https:\/\/renegraeber.de\/blog\/wp-json\/wp\/v2\/categories?post=2604"},{"taxonomy":"post_tag","embeddable":true,"href":"https:\/\/renegraeber.de\/blog\/wp-json\/wp\/v2\/tags?post=2604"}],"curies":[{"name":"wp","href":"https:\/\/api.w.org\/{rel}","templated":true}]}}