{"id":2580,"date":"2020-11-27T11:07:42","date_gmt":"2020-11-27T10:07:42","guid":{"rendered":"https:\/\/renegraeber.de\/blog\/?p=2580"},"modified":"2020-11-27T11:07:42","modified_gmt":"2020-11-27T10:07:42","slug":"corona-zahlen-26-11-20","status":"publish","type":"post","link":"https:\/\/renegraeber.de\/blog\/corona-zahlen-26-11-20\/","title":{"rendered":"Wie belastet sind unsere Kliniken wirklich? Aktuelle Zahlen Stand 26. November 2020"},"content":{"rendered":"<p>Die Helios-Kliniken ver\u00f6ffentlichen ihre Zahlen seit einigen Wochen.<\/p>\n<p>In der \u00dcbersicht vom 26. November 2020 sehen wir folgende Daten:<\/p>\n<p><!--more--><\/p>\n<p><img decoding=\"async\" class=\"aligncenter size-full wp-image-2581\" src=\"https:\/\/renegraeber.de\/blog\/wp-content\/uploads\/2020\/11\/helios-klinik-26-10-20.png\" alt=\"Belegung Helios Kliniken Stand 26-10-20\" width=\"973\" height=\"351\" srcset=\"https:\/\/renegraeber.de\/blog\/wp-content\/uploads\/2020\/11\/helios-klinik-26-10-20.png 973w, https:\/\/renegraeber.de\/blog\/wp-content\/uploads\/2020\/11\/helios-klinik-26-10-20-300x108.png 300w, https:\/\/renegraeber.de\/blog\/wp-content\/uploads\/2020\/11\/helios-klinik-26-10-20-768x277.png 768w, https:\/\/renegraeber.de\/blog\/wp-content\/uploads\/2020\/11\/helios-klinik-26-10-20-705x254.png 705w\" sizes=\"(max-width: 973px) 100vw, 973px\" \/><\/p>\n<p>F\u00fcr Deutschland stellt sich die Situation insgesamt gem\u00e4\u00df Intensivregister wie folgt dar:<\/p>\n<p><img decoding=\"async\" class=\"aligncenter size-full wp-image-2582\" src=\"https:\/\/renegraeber.de\/blog\/wp-content\/uploads\/2020\/11\/covid-19-faelle-intensivbetten.png\" alt=\"Anzahl gemeldeter intensivmedizinisch behandelter COVID-19-F\u00e4lle an Anzahl belegter Intensivbetten \" width=\"625\" height=\"636\" srcset=\"https:\/\/renegraeber.de\/blog\/wp-content\/uploads\/2020\/11\/covid-19-faelle-intensivbetten.png 625w, https:\/\/renegraeber.de\/blog\/wp-content\/uploads\/2020\/11\/covid-19-faelle-intensivbetten-295x300.png 295w, https:\/\/renegraeber.de\/blog\/wp-content\/uploads\/2020\/11\/covid-19-faelle-intensivbetten-80x80.png 80w, https:\/\/renegraeber.de\/blog\/wp-content\/uploads\/2020\/11\/covid-19-faelle-intensivbetten-36x36.png 36w\" sizes=\"(max-width: 625px) 100vw, 625px\" \/><\/p>\n<p><strong>Auff\u00e4llig ist: Die Zahl der Bettenbelegung ist seit Monaten konstant und liegt knapp bei oder unter 22.000. Die Zahl der Covid-19 Belegungen liegt derzeit bei ca. 3.837.<\/strong><\/p>\n<p>Und jetzt kommt das Merkw\u00fcrdige, was anscheinend kaum jemand zur Kenntnis nehmen m\u00f6chte: In diesem Jahr 2020 gab es WENIGER Patienten, die wegen einem schweren infekti\u00f6sen Lungenversagen (auf Englisch: severe acute respiratory infection, kurz: SARI) behandelt wurden, als im Jahr 2019. Und es wurden auch weniger Menschen beatmet als 2019. Auf diese &#8222;Merkw\u00fcrdigkeiten&#8220; bin ich u.a. auch bereits in meinem Beitrag <a href=\"https:\/\/naturheilt.com\/blog\/covid-19-nur-36-prozent-testpositiv\/\" target=\"_blank\" rel=\"noopener\">https:\/\/naturheilt.com\/blog\/covid-19-nur-36-prozent-testpositiv\/<\/a> eingegangen.<\/p>\n<p><strong>\u00dcbrigens: Wenn Sie solche Informationen interessieren, dann fordern Sie unbedingt meinen kostenlosen Praxis-Newsletter &#8222;Unabh\u00e4ngig. Nat\u00fcrlich. Klare Kante.&#8220; dazu an:<\/strong><br \/>\n<script type=\"text\/javascript\" src=\"https:\/\/rene-graeber.de\/view_webform_v2.js?u=v9&#038;webforms_id=pL1KE\"><\/script><\/p>\n<p>Ihr seht in der Entwicklung der Fallzahlen in der Klinik auch sehr gut, dass wir es (wie immer) mit einer Glockenkurve zu haben auf deren Verlauf der &#8222;Lockdown light&#8220; scheinbar \u00fcberhaupt keinen Einfluss hatte:<br \/>\n<a href=\"https:\/\/www.yamedo.de\/blog\/wirkungslosigkeit-von-lockdown-maksen\/\" target=\"_blank\" rel=\"noopener\">https:\/\/www.yamedo.de\/blog\/wirkungslosigkeit-von-lockdown-maksen\/<\/a><\/p>\n<p>Und f\u00fcr die, die mich fragen ob ich nicht wisse, was in den Kliniken los sei oder ob ich wolle das Menschen sterben, habe ich in folgendem Beitrag Stellung genommen: <a href=\"https:\/\/renegraeber.de\/blog\/wollen-sie-das-menschen-sterben\/\" target=\"_blank\" rel=\"noopener noreferrer\">https:\/\/renegraeber.de\/blog\/wollen-sie-das-menschen-sterben\/<\/a><\/p>\n<p>Was Sie sich auch ansehen sollten, sind die Sterbefallzahlen in Deutschland insgesamt: <a href=\"https:\/\/renegraeber.de\/blog\/sterbefallzahlen-deutschland-2020\/\">https:\/\/renegraeber.de\/blog\/sterbefallzahlen-deutschland-2020\/<\/a><\/p>\n<p>Tats\u00e4chlich sterben in Deutschland im Jahr 2020 wahrscheinlich weniger Menschen als im Jahr 2019:<\/p>\n<p><img decoding=\"async\" class=\"aligncenter size-full wp-image-2556\" src=\"https:\/\/renegraeber.de\/blog\/wp-content\/uploads\/2020\/11\/2020-11-20-09_51_17-Sterbefallzahlen-und-Uebersterblichkeit-Statistisches-Bundesamt.png\" alt=\"W\u00f6chentliche Sterbezahlen in Deutschland 2020\" width=\"942\" height=\"475\" srcset=\"https:\/\/renegraeber.de\/blog\/wp-content\/uploads\/2020\/11\/2020-11-20-09_51_17-Sterbefallzahlen-und-Uebersterblichkeit-Statistisches-Bundesamt.png 942w, https:\/\/renegraeber.de\/blog\/wp-content\/uploads\/2020\/11\/2020-11-20-09_51_17-Sterbefallzahlen-und-Uebersterblichkeit-Statistisches-Bundesamt-300x151.png 300w, https:\/\/renegraeber.de\/blog\/wp-content\/uploads\/2020\/11\/2020-11-20-09_51_17-Sterbefallzahlen-und-Uebersterblichkeit-Statistisches-Bundesamt-768x387.png 768w, https:\/\/renegraeber.de\/blog\/wp-content\/uploads\/2020\/11\/2020-11-20-09_51_17-Sterbefallzahlen-und-Uebersterblichkeit-Statistisches-Bundesamt-705x355.png 705w, https:\/\/renegraeber.de\/blog\/wp-content\/uploads\/2020\/11\/2020-11-20-09_51_17-Sterbefallzahlen-und-Uebersterblichkeit-Statistisches-Bundesamt-540x272.png 540w\" sizes=\"(max-width: 942px) 100vw, 942px\" \/><\/p>\n<p>Das hellblaue Feld ist die Bandbreite der Sterbef\u00e4lle 2016 &#8211; 2018. Die rote Linie stellt die Sterbefallzahlen im Jahr 2020 dar.<\/p>\n<p>Auch Euromomo zeigt bis zur Kalenderwoche 47 <strong>keinerlei \u00dcbersterblichkeit in Deutschland<\/strong> (auf Euromomo melden nur Hessen und Berlin ihre Daten an Euromomo):<\/p>\n<p><img decoding=\"async\" class=\"aligncenter size-full wp-image-2584\" src=\"https:\/\/renegraeber.de\/blog\/wp-content\/uploads\/2020\/11\/euromo-27-11-2020.png\" alt=\"\u00dcbersterblichkeit Eurmomo\" width=\"952\" height=\"368\" srcset=\"https:\/\/renegraeber.de\/blog\/wp-content\/uploads\/2020\/11\/euromo-27-11-2020.png 952w, https:\/\/renegraeber.de\/blog\/wp-content\/uploads\/2020\/11\/euromo-27-11-2020-300x116.png 300w, https:\/\/renegraeber.de\/blog\/wp-content\/uploads\/2020\/11\/euromo-27-11-2020-768x297.png 768w, https:\/\/renegraeber.de\/blog\/wp-content\/uploads\/2020\/11\/euromo-27-11-2020-705x273.png 705w\" sizes=\"(max-width: 952px) 100vw, 952px\" \/><\/p>\n<p>Man sieht aber sehr wohl die \u00dcbersterblichkeit im M\u00e4rz 2018.<\/p>\n<p>Und hier noch ein Vergleich bisheriger schwerer Grippewellen in Deutschland:<\/p>\n<p><img decoding=\"async\" class=\"aligncenter size-full wp-image-2585\" src=\"https:\/\/renegraeber.de\/blog\/wp-content\/uploads\/2020\/11\/grippe-todesfaelle-26-11-2020.png\" alt=\"Grippebedingte Todesf\u00e4lle \" width=\"779\" height=\"595\" srcset=\"https:\/\/renegraeber.de\/blog\/wp-content\/uploads\/2020\/11\/grippe-todesfaelle-26-11-2020.png 779w, https:\/\/renegraeber.de\/blog\/wp-content\/uploads\/2020\/11\/grippe-todesfaelle-26-11-2020-300x229.png 300w, https:\/\/renegraeber.de\/blog\/wp-content\/uploads\/2020\/11\/grippe-todesfaelle-26-11-2020-768x587.png 768w, https:\/\/renegraeber.de\/blog\/wp-content\/uploads\/2020\/11\/grippe-todesfaelle-26-11-2020-705x538.png 705w\" sizes=\"(max-width: 779px) 100vw, 779px\" \/><\/p>\n<h2>Kritische Stimmen: RTL West\u00a0 Chef J\u00f6rg Zajonic im Fernsehen<\/h2>\n<p>Mittlerweile melden sich auch sehr kritische Stimmen aus den Fernsehsendern wie vom RTL-West-Chef J\u00f6rg Zajonic, die die Corona-Ma\u00dfnahmen der Regierung als &#8222;verr\u00fcckt&#8220; bezeichnen: <a href=\"https:\/\/www.bitchute.com\/video\/EYanUm7Glv0Z\/\" target=\"_blank\" rel=\"noopener noreferrer\">https:\/\/www.bitchute.com\/video\/EYanUm7Glv0Z\/<\/a><\/p>\n<p>Warum wohl? Weil er sich die folgenden Zahlen angesehen hat.<\/p>\n<p>Stattdessen werden kritische Stimmen weiterhin in gro\u00dfem Stil gel\u00f6scht, selbst von solchen Kapazit\u00e4ten wie Professor Bhakdi, dessen Youtube-Kanal sogar jetzt gel\u00f6scht wurde: <a href=\"https:\/\/www.yamedo.de\/blog\/bhakdi-der-geaechtete\/\" target=\"_blank\" rel=\"noopener noreferrer\">https:\/\/www.yamedo.de\/blog\/bhakdi-der-geaechtete\/<\/a><\/p>\n<p>Willkommen in der &#8222;Neuen Realit\u00e4t&#8220;.<\/p>\n<p><strong>\u00dcbrigens: Wenn Sie solche Informationen interessieren, dann fordern Sie unbedingt meinen kostenlosen Praxis-Newsletter &#8222;Unabh\u00e4ngig. Nat\u00fcrlich. Klare Kante.&#8220; dazu an:<\/strong><br \/>\n<script type=\"text\/javascript\" src=\"https:\/\/rene-graeber.de\/view_webform_v2.js?u=v9&#038;webforms_id=pL1KE\"><\/script><\/p>\n<h2>Fazit: Corona ist ein &#8222;medizinisches Problem&#8220;.<\/h2>\n<p>Um es auf den Punkt zu bringen: Corona ist ein medizinisches Problem und kein &#8222;politisches Problem&#8220;. Die f\u00fchrenden Politiker haben es jetzt aber zu einem richtigen &#8222;politischen Problem&#8220; gemacht &#8211; oder soll ich sagen: ein gesamtgesellschaftliches Problem?<\/p>\n<p>Dieses &#8222;Problem&#8220; existiert aber in Deutschland seit vielen Jahrzehnten &#8211; in der klassischen Medizin und auch in &#8222;der Politik&#8220;.<\/p>\n<p>Unsere &#8222;Schulmedizin&#8220; ist keine Naturwissenschaft; wird aber von sehr sehr vielen Menschen als solche gesehen. Welch ein Irrtum: <a href=\"https:\/\/www.renegraeber.de\/Schulmedizin-Studien-Report.pdf\" target=\"_blank\" rel=\"noopener noreferrer\">https:\/\/www.renegraeber.de\/Schulmedizin-Studien-Report.pdf<\/a><\/p>\n<p>Und von wirklicher Heilung (und wie diese geschieht) wissen leider nur die Wenigsten. Vielleicht wollt ihr euch mal damit besch\u00e4ftigen: <a href=\"https:\/\/www.heilpraktiker-rene-graeber.de\/ebenen-der-heilung.html\" target=\"_blank\" rel=\"noopener noreferrer\">https:\/\/www.heilpraktiker-rene-graeber.de\/ebenen-der-heilung.html<\/a><\/p>\n<p>Heilung der Emotionen und der Seele werden mehr denn je ben\u00f6tigt. Und die davon nichts halten, sind am meisten zu bedauern.<\/p>\n<p><strong>\u00dcbrigens: Wenn Sie solche Informationen interessieren, dann fordern Sie unbedingt meinen kostenlosen Praxis-Newsletter &#8222;Unabh\u00e4ngig. Nat\u00fcrlich. Klare Kante.&#8220; dazu an:<\/strong><br \/>\n<script type=\"text\/javascript\" src=\"https:\/\/rene-graeber.de\/view_webform_v2.js?u=v9&#038;webforms_id=pL1KE\"><\/script><\/p>\n","protected":false},"excerpt":{"rendered":"<p>Die Helios-Kliniken ver\u00f6ffentlichen ihre Zahlen seit einigen Wochen. In der \u00dcbersicht vom 26. November 2020 sehen wir folgende Daten:<\/p>\n","protected":false},"author":1,"featured_media":0,"comment_status":"open","ping_status":"open","sticky":false,"template":"","format":"standard","meta":{"footnotes":""},"categories":[32],"tags":[3],"class_list":["post-2580","post","type-post","status-publish","format-standard","hentry","category-allgemein","tag-corona"],"_links":{"self":[{"href":"https:\/\/renegraeber.de\/blog\/wp-json\/wp\/v2\/posts\/2580","targetHints":{"allow":["GET"]}}],"collection":[{"href":"https:\/\/renegraeber.de\/blog\/wp-json\/wp\/v2\/posts"}],"about":[{"href":"https:\/\/renegraeber.de\/blog\/wp-json\/wp\/v2\/types\/post"}],"author":[{"embeddable":true,"href":"https:\/\/renegraeber.de\/blog\/wp-json\/wp\/v2\/users\/1"}],"replies":[{"embeddable":true,"href":"https:\/\/renegraeber.de\/blog\/wp-json\/wp\/v2\/comments?post=2580"}],"version-history":[{"count":0,"href":"https:\/\/renegraeber.de\/blog\/wp-json\/wp\/v2\/posts\/2580\/revisions"}],"wp:attachment":[{"href":"https:\/\/renegraeber.de\/blog\/wp-json\/wp\/v2\/media?parent=2580"}],"wp:term":[{"taxonomy":"category","embeddable":true,"href":"https:\/\/renegraeber.de\/blog\/wp-json\/wp\/v2\/categories?post=2580"},{"taxonomy":"post_tag","embeddable":true,"href":"https:\/\/renegraeber.de\/blog\/wp-json\/wp\/v2\/tags?post=2580"}],"curies":[{"name":"wp","href":"https:\/\/api.w.org\/{rel}","templated":true}]}}