{"id":2526,"date":"2020-11-10T23:10:05","date_gmt":"2020-11-10T22:10:05","guid":{"rendered":"https:\/\/renegraeber.de\/blog\/?p=2526"},"modified":"2020-11-10T23:10:05","modified_gmt":"2020-11-10T22:10:05","slug":"aenderung-infektionsschutzgesetz","status":"publish","type":"post","link":"https:\/\/renegraeber.de\/blog\/aenderung-infektionsschutzgesetz\/","title":{"rendered":"Das &#8222;Corona-Schutz-Gesetz&#8220; \u2013 Wie unsere Grundrechte ausgehebelt werden"},"content":{"rendered":"<p>Corona als Ausrede der Politik f\u00fcr die Einschr\u00e4nkung von Grundrechten und Freiheiten &#8211; dieser Standpunkt galt lange als Hirngespinst von Verschw\u00f6rungstheoretikern und rechten Elementen.<\/p>\n<p>Jetzt sieht es so aus, dass das Hirngespinst zusammen mit der Ausrede konkret rechtliche Formen annehmen sollen. Und dies wird als eine \u201eReform des Infektionsschutzgesetzes\u201c Gestalt annehmen.<\/p>\n<p><!--more--><\/p>\n<p>Am 6.11.2020 wurde der Gesetzentwurf im Bundestag vorgestellt:<\/p>\n<ul>\n<li><a href=\"https:\/\/dserver.bundestag.de\/btd\/19\/239\/1923944.pdf\" target=\"_blank\" rel=\"noopener\">Formatvorlage Gesetzentwurf (ohne eNorm)<\/a><\/li>\n<\/ul>\n<p>Die Abstimmung zu diesem Gesetz ist f\u00fcr Mittwoch, den 18.11. vorgesehen. Die meines Wissens absolute Besonderheit zu diesem Gesetz: Das Gesetz soll an einem Tag beschlossen und rechtskr\u00e4ftig werden! Dazu hei\u00dft es in einer <a href=\"https:\/\/www.bundesrat.de\/SharedDocs\/pm\/2020\/023.html\" target=\"_blank\" rel=\"noopener\">Pressemitteilung des Bundesrates vom 12.11.2020<\/a>:<\/p>\n<p style=\"padding-left: 40px;\"><em>&#8222;Dieser Bundestagsbeschluss soll nach jetzigem Planungsstand unmittelbar danach vom Bundesrat abgestimmt, dem Bundespr\u00e4sidenten zur Unterzeichnung zugeleitet und danach im Bundesgesetzblatt verk\u00fcndet werden.&#8220;<\/em><\/p>\n<h2>Was die \u00f6ffentlich-rechtlichen Medien dazu sagen<\/h2>\n<p>Bereits am 4.11.2020 konnte man auf der <a href=\"https:\/\/www.tagesschau.de\/inland\/infektionsschutzgesetz-105.html\" target=\"_blank\" rel=\"noopener\">Webseite der ARD<\/a> die vorauseilende Begr\u00fcndung f\u00fcr die Notwendigkeit dieses neuen Gesetzes (\u201ef\u00fcr die Corona-Ma\u00dfnahmen\u201c) einsehen. Der Beitrag spricht hierf\u00fcr \u201emehr Rechtssicherheit\u201c. Mehr Rechtssicherheit?<\/p>\n<p>Der ARD scheint es nicht zu passen, dass \u201edie Kritik an der gesetzlichen Grundlage f\u00fcr die Corona-Ma\u00dfnahmen zuletzt immer lauter wurden\u201c. Denn es gab immer wieder Gerichte, die einzelne Beschr\u00e4nkungen kippten.<\/p>\n<p>Und mit der Reform des Infektionsschutzgesetzes soll das jetzt wohl ge\u00e4ndert werden. Die \u00c4nderungen sollen dann so aussehen, dass die \u201eAuflagen in der Pandemie besseren Bestand vor Gericht haben\u201c.<\/p>\n<p>Aber das hei\u00dft nicht etwa, dass die Reform des Infektionsschutzgesetzes sich am Grundgesetz orientiert und b\u00fcrgerliche Freiheiten garantiert, sondern dass die neuen Bestimmungen des Infektionsschutzgesetzes praktisch und faktisch das Grundgesetz ersetzen. Wenn dieses neue Gesetz erst mal in Kraft tritt, dann f\u00fcrchte ich, dass die Gerichte kaum noch eine M\u00f6glichkeit haben, irgendwelche Bestimmungen und Anordnungen zu kippen.<\/p>\n<p><strong>Dies w\u00e4re dann also eine neue \u201eRechtssicherheit\u201c, nach der die deutsche Justiz sich dann in der Folge zu richten hat. Manche Rechtgelehrte meinen auch, man k\u00f6nnte auch sagen, dass dieses neue Gesetz f\u00fcr eine gewisse Gleichschaltung der Justiz und Unterordnung unter den Regierungsapparat Merkel\/Spahn sorgt.<\/strong><\/p>\n<h2>Diese Gesetzesreform hat es in sich:<\/h2>\n<p>Und es scheint im Internet auch keine gro\u00dfe Diskussion dar\u00fcber zu geben. Eigenartig, oder?<\/p>\n<p>Wenn dieses Gesetz doch zu unser aller Wohl ist, warum wird es dann nicht in gewohnter Manier gro\u00df und breit \u201evermarktet\u201c?<\/p>\n<h2>Worauf d\u00fcrfen wir uns \u201efreuen\u201c?<\/h2>\n<p>Ich hatte bereits den Link weiter oben zur Gesetzesvorlage angegeben. Eine gute Zusammenfassung, wie der Bundestag die Aushebelung von Grundrechten beschlie\u00dfen soll, gibt es hier:<\/p>\n<ul>\n<li><a href=\"https:\/\/vera-lengsfeld.de\/2020\/11\/06\/der-bundestag-soll-die-aushebelung-von-grundrechten-beschliessen\/\" target=\"_blank\" rel=\"noopener\">Der Bundestag soll die Aushebelung von Grundrechten beschlie\u00dfen \u2013 Vera Lengsfeld<\/a><\/li>\n<\/ul>\n<p>Und lesenswert ist auch das, was Frau Lengsfeld im Beitrag <a href=\"https:\/\/vera-lengsfeld.de\/2020\/11\/13\/ermaechtigung-statt-demokratie-die-volksvertreter-interessiert-die-meinung-des-volkes-nicht\/\" target=\"_blank\" rel=\"noopener\">Erm\u00e4chtigung statt Demokratie \u2013 Die Volksvertreter interessiert die Meinung des Volkes nicht<\/a>, ver\u00f6ffentlicht hat.<\/p>\n<h2>Worauf d\u00fcrfen wir uns also freuen?<\/h2>\n<p>Im Wesentlichen sind dies \u201ebesondere Schutzma\u00dfnahmen zur Bek\u00e4mpfung von SARS-CoV-2\u201c, die folgende Einschr\u00e4nkungen angeblich notwendig machen sollen:<\/p>\n<ol>\n<li><em>\u00a0Ausgangs- oder Kontaktbeschr\u00e4nkungen im privaten sowie im \u00f6ffentlichen Raum,<\/em><\/li>\n<li><em> Anordnung eines Abstandsgebots im \u00f6ffentlichen Raum,<\/em><\/li>\n<li><em> Verpflichtung zum Tragen einer Mund-Nasen-Bedeckung (Maskenpflicht),<\/em><\/li>\n<li><em> Untersagung oder Beschr\u00e4nkung des Betriebs von Einrichtungen, die der Kultur- oder Freizeitgestaltung zuzurechnen sind,<\/em><\/li>\n<li><em> Untersagung oder Beschr\u00e4nkung von Freizeit-, Kultur- und \u00e4hnlichen Veranstaltungen,<\/em><\/li>\n<li><em> Untersagung oder Beschr\u00e4nkung von Sportveranstaltungen,<\/em><\/li>\n<li><em> Schlie\u00dfung von Gemeinschaftseinrichtungen im Sinne von \u00a7 33 oder \u00e4hnlicher Einrichtungen sowie Erteilung von Auflagen f\u00fcr die Fortf\u00fchrung ihres Betriebs,<\/em><\/li>\n<li><em> Untersagung oder Beschr\u00e4nkung von \u00dcbernachtungsangeboten,<\/em><\/li>\n<li><em> Betriebs- oder Gewerbeuntersagungen oder Schlie\u00dfung von Einzel- oder Gro\u00dfhandel oder Beschr\u00e4nkungen und Auflagen f\u00fcr Betriebe, Gewerbe, Einzel- und Gro\u00dfhandel,<\/em><\/li>\n<li><em> Untersagung oder Erteilung von Auflagen f\u00fcr das Abhalten von Veranstaltungen,<\/em><\/li>\n<li><em> Untersagung sowie dies zwingend erforderlich ist oder Erteilung von Auflagen f\u00fcr das Abhalten von Versammlungen oder religi\u00f6sen Zusammenk\u00fcnften,<\/em><\/li>\n<li><em> Verbot der Alkoholabgabe oder des Alkoholkonsums auf bestimmten \u00f6ffentlichen Pl\u00e4tzen oder zu bestimmten Zeiten,<\/em><\/li>\n<li><em> Untersagung oder Beschr\u00e4nkung des Betriebs von gastronomischen Einrichtungen,<\/em><\/li>\n<li><em> Anordnung der Verarbeitung der Kontaktdaten von Kunden, G\u00e4sten oder Veranstaltungsteilnehmern, um nach Auftreten eines Infektionsfalls m\u00f6gliche Infektionsketten nachverfolgen und unterbrechen zu k\u00f6nnen,<\/em><\/li>\n<li><em> Reisebeschr\u00e4nkungen<\/em><\/li>\n<\/ol>\n<p>Und es kommen mittlerweile zahlreiche Vergleiche, dass dieses Gesetz an ein &#8222;ber\u00fchmtes&#8220; Gesetz aus dem Januar 1933 erinnere. Damals hie\u00df es &#8222;Gesetz zum Schutz von Volk und Staat&#8220;. Im Jahr 2020 hei\u00dft es &#8222;Bev\u00f6lkerungsschutzgesetz&#8220;.<\/p>\n<p>Ich bin kein Freund solcher Vergleiche. Aber als \u00fcberzeugter Demokrat stehe ich f\u00fcr Freiheit und B\u00fcrgerrechte. Und nat\u00fcrlich f\u00fcr eine menschliche Medizin, sowie Naturheilkunde. Allerdings sind die Eingriffe in unsere Grundrechte in der Geschichte der Bundesrepublik ohne Beispiel.<\/p>\n<p>Und die Worte im Zusammenhang mit &#8222;Erm\u00e4chtigung&#8220; erscheinen in dem Gesetzentwurf des Bev\u00f6lkerungsschutzgesetz insgesamt 25 Mal auf 42 Seiten. Da kann man schon auf solche &#8222;Ideen&#8220;, bzw. Vergleiche kommen.<\/p>\n<p><strong>\u00dcbrigens: Wenn Sie solche Informationen interessieren, dann fordern Sie unbedingt meinen kostenlosen Praxis-Newsletter &#8222;Unabh\u00e4ngig. Nat\u00fcrlich. Klare Kante.&#8220; dazu an:<\/strong><br \/>\n<script type=\"text\/javascript\" src=\"https:\/\/rene-graeber.de\/view_webform_v2.js?u=v9&#038;webforms_id=pL1KE\"><\/script><\/p>\n<h2>Die Opposition und die Zahlen der Regierung<\/h2>\n<p>Die \u201e<a href=\"https:\/\/www.sueddeutsche.de\/politik\/corona-bundestag-regierungserklaerung-merkel-1.5097789\" target=\"_blank\" rel=\"noopener\">S\u00fcddeutsche Zeitung<\/a>\u201c ver\u00f6ffentlichte am 29. Oktober 2020 einen \u201emerkw\u00fcrdigen\u201c Beitrag. Hier ging es darum, dass es offensichtlich in der AfD und FDP einiges an Opposition gibt in Bezug auf die \u201eReform\u201c des Infektionsschutzgesetzes. Der Beitrag erz\u00e4hlt die ersch\u00fctternden Vorkommnisse im Bundestag, n\u00e4mlich wer, wann, wie oft, dazwischen ruft, wenn Frau Merkel mitteilt, warum Corona so gef\u00e4hrlich ist.<\/p>\n<p>Die Zahl der Corona-Neuinfektionen sei deutlich in die H\u00f6he geschnellt. Die wissenschaftliche Pr\u00e4zision dieser Aussagen der Kanzlerin sind geradezu atemberaubend. Um diese Aussagen noch einmal zu bekr\u00e4ftigen, hier ein Schaubild vom <a style=\"background-color: #ffffff;\" href=\"https:\/\/grippeweb.rki.de\/\" target=\"_blank\" rel=\"noopener\">RKI aus der 44. Woche 2020<\/a>:<\/p>\n<p><a href=\"https:\/\/renegraeber.de\/blog\/wp-content\/uploads\/2020\/11\/infektionsschutzgesetz.png\"><img decoding=\"async\" class=\"size-full wp-image-2527 aligncenter\" src=\"https:\/\/renegraeber.de\/blog\/wp-content\/uploads\/2020\/11\/infektionsschutzgesetz.png\" alt=\"\" width=\"912\" height=\"800\" srcset=\"https:\/\/renegraeber.de\/blog\/wp-content\/uploads\/2020\/11\/infektionsschutzgesetz.png 912w, https:\/\/renegraeber.de\/blog\/wp-content\/uploads\/2020\/11\/infektionsschutzgesetz-300x263.png 300w, https:\/\/renegraeber.de\/blog\/wp-content\/uploads\/2020\/11\/infektionsschutzgesetz-768x674.png 768w, https:\/\/renegraeber.de\/blog\/wp-content\/uploads\/2020\/11\/infektionsschutzgesetz-705x618.png 705w\" sizes=\"(max-width: 912px) 100vw, 912px\" \/><\/a><\/p>\n<p>Wir sehen hier deutlich, wie die rote Linie, beginnend in der 42. Woche, \u201edeutlich in die H\u00f6he geschnellt\u201c ist. K\u00f6nnte sein, dass Frau Merkel farbenblind ist und andere Farben nicht wahrnehmen kann?<\/p>\n<p>Laut RKI und den g\u00e4ngigen wissenschaftlichen Analysevorgaben w\u00fcrde man, aufgrund dieses Schaubilds, SARS-CoV-2 eine Rolle zuweisen, die mit dem Wort \u201ebedeutungslos\u201c (im Vergleich mit den Zahlen aus den Vorjahren und dem Aufkommen von anderen akuten respiratorischen Erkrankungen) zu kennzeichnen ist. Aber die neue Normalit\u00e4t bringt ja wohl dann auch eine neu-normale Wissenschaft mit sich, die solche Kalauer produziert.<\/p>\n<p>Und weil die rote Kurve so f\u00fcrchterlich in die H\u00f6he geschnellt ist, w\u00fcrden jetzt schon Gesundheitssystem und Krankenh\u00e4user belastet, sagt sie. Und die Zahl der intensivmedizinischen F\u00e4lle habe sich in nur 10 Tagen verdoppelt (zum damaligen Termin auf 1.569 F\u00e4lle).<\/p>\n<p>Das deutsche Intensivregister (DIVI) vermeldet zum heutigen Zeitpunkt (14.11.2020) 3.325 Covid-19-F\u00e4lle, von denen 1.872 invasiv beatmet werden. Na, hier scheint ja die Bundeskanzlerin mal recht zu behalten, oder? Mitnichten! Warum nicht? Und zwar aus 2 Gr\u00fcnden:<\/p>\n<h4>Es gibt ja die Hypothese der Bundeskanzlerin, dass sich die Neuinfektionen \u201eexponentiell\u201c ausbreiten w\u00fcrden.<\/h4>\n<p>Man muss sich fragen, warum soll dies ausgerechnet zu diesem Zeitpunkt stattfinden, wo es nicht einmal in der Hochsaison, n\u00e4mlich M\u00e4rz 2020, eine exponentielle Ausbreitung der Infektion gegeben hatte? Weiter &#8211; wenn am 29. Oktober 1569 \u201eF\u00e4lle\u201c registriert wurden, warum gibt es dann heute nur etwas \u00fcber 3.325 \u201eF\u00e4lle\u201c? Ist das schon die exponentielle Ausbreitung?<\/p>\n<p>Und wie wurden diese \u201eF\u00e4lle\u201c bestimmt? Durch PCR-\u201eTests\u201c wie in Bayern, wovon 60 positiven Befunden 59 falsch positiv waren? Sind diese 2847 \u201eF\u00e4lle\u201c wirklich auf der Intensivstation wegen SARS-CoV-2 oder haben diese Leute nur &#8222;zuf\u00e4llig&#8220;, neben ihrer schweren Erkrankung, einen positiven PCR-\u201eTest\u201c? Wie aussagekr\u00e4ftig ist der PCR-\u201eTest\u201c:<\/p>\n<ul>\n<li><a href=\"https:\/\/naturheilt.com\/blog\/covid-19-tests\/\" target=\"_blank\" rel=\"noopener\">Die Corona Tests &#8211; es wird immer absurder! Man fragt sich: WAS wird hier eigentlich getestet?<\/a><\/li>\n<\/ul>\n<p>Es scheint gerade so, dass die Regierung in unserem Land ihre eigene Form von \u201eWissenschaft\u201c pflegt, die unbewiesene Hypothesen im Handumdrehen zu Naturgesetzen erkl\u00e4rt und daraus ihre Legitimation ableitet. Alles das, was als Wissenschaft bislang gegolten hat und was die Wissenschaft bislang hat zeigen und beweisen k\u00f6nnen, scheint hinf\u00e4llig geworden zu sein.<\/p>\n<h2>Wissenschaft und Gesetzesreform<\/h2>\n<p>Offensichtlich ist man sich bei der Regierung nicht zu sch\u00e4big, diese Eigenkreation an Wissenschaft explizit zur Legitimation von Ma\u00dfnahmen heranzuziehen. Da hei\u00dft es zum \u201eAbstandsgebot\u201c:<\/p>\n<p style=\"padding-left: 40px;\">\u201e<em>Insbesondere steigt die Aerosolausscheidung bei lautem Sprechen, Singen oder Lachen stark an. In Innenr\u00e4umen steigt hierdurch das Risiko einer \u00dcbertragung deutlich, auch \u00fcber einen gr\u00f6\u00dferen Abstand als 1,5 m. <\/em><\/p>\n<p style=\"padding-left: 40px;\"><em>Wenn der Mindestabstand von 1,5 m ohne Mund-Nasen-Bedeckung unterschritten wird, z. B. bei gr\u00f6\u00dferen Menschenansammlungen, besteht auch im Freien ein erh\u00f6htes \u00dcbertragungsrisiko. Bei einer Ausbreitung der Pandemie kann es daher erforderlich sein, Abstandsgebote konsequent auch in \u00f6ffentlichen Innenr\u00e4umen wie auch im Freien einzuhalten und Menschenansammlungen \u2013 besonders in Innenr\u00e4umen \u2013 zu vermeiden.<\/em>\u201c<\/p>\n<p>Man muss sich fragen, wie stark steigt die sogenannte Aerosolausscheidung beim Singen, Lachen und lauten Sprechen an? Kann man sich an der Aerosolausscheidung infizieren? Oder muss man da nicht selber infiziert sein, um \u00fcber diesen oder andere Wege andere zu infizieren?<\/p>\n<p>Wie war das in den Jahren zuvor? Gab es da keine Aerosolausscheidung beim Singen, Lachen und Sprechen? Gilt das alles nur f\u00fcr SARS-CoV-2?<\/p>\n<p>Und dann stellt das neue Erm\u00e4chtigungsgesetz fest, dass auch im Freien ein erh\u00f6htes \u00dcbertragungsrisiko bestehe. Deshalb bedarf es angeblich der Maske und des Mindestabstands.<\/p>\n<p>Wo steht das, dass im Freien ein erh\u00f6htes \u00dcbertragungsrisiko besteht?<\/p>\n<p>Selbst wenn, hei\u00dft eine \u00dcbertragung = Infektion auch gleich Krankheit und Ableben?<\/p>\n<p>Auch hier werden die wissenschaftlichen Ergebnisse ausgeklammert, die gezeigt haben, dass es schon l\u00e4ngst eine Kreuzimmunit\u00e4t gibt. Nur beruht diese nicht auf Antik\u00f6rpern gegen SARS-CoV-2, sondern vielmehr auf einer Immunit\u00e4t durch T-Zellen, wie eine <a href=\"https:\/\/www.researchsquare.com\/article\/rs-35331\/v1\" target=\"_blank\" rel=\"noopener\">Studie aus der Uni T\u00fcbingen<\/a> (und inzwischen andere auch) gezeigt hatte.<\/p>\n<p>Und weil wir gerade bei den \u201eAHA\u201c Regeln sind, auch hier gibt es eine zu ignorierende globale Studie, die die Wirkungslosigkeit der Ma\u00dfnahmen zeigt:<\/p>\n<ul>\n<li><a href=\"https:\/\/www.yamedo.de\/blog\/wirkungslosigkeit-von-lockdown-maksen\/#comments\" target=\"_blank\" rel=\"noopener\">Globale Studie zeigt die Wirkungslosigkeit von Lockdown und \u201eAHA\u201c-Regeln<\/a>.<\/li>\n<\/ul>\n<p>Zum Schluss sei noch die Frage gestattet: Wenn \u201eAHA\u201c so wirksam ist, dass es jetzt sogar zum Teil eines Erm\u00e4chtigungsgesetzes wird, warum gibt es dann die angebliche exponentielle Steigerung von Neuinfektionen?<\/p>\n<p>Denn \u201eAHA\u201c wird bereits seit M\u00e4rz\/April 2020 propagiert. Ist dies nicht ein Beleg daf\u00fcr, dass diese Ma\u00dfnahmen Unsinn sein k\u00f6nnten? Oder muss es diesen Unsinn in Gesetzesform geben, um den Menschen das Leben schwer zu machen?<\/p>\n<h2>Stoppt das Gesetz zur Aushebelung unserer Grundrechte!<\/h2>\n<p><a href=\"https:\/\/www.tichyseinblick.de\/daili-es-sentials\/bundestag-beschliesst-einschraenkung-von-grundrechten\/\" target=\"_blank\" rel=\"noopener\">Wegen Corona: Bundestag beschlie\u00dft Einschr\u00e4nkung von Grundrechten<\/a>. In diesem Beitrag erfahren wir von einem famosen Beispiel, wie es uns ergehen k\u00f6nnte, wenn dieses Gesetz zur Realit\u00e4t w\u00fcrde.<\/p>\n<p>Denn offensichtlich in freudiger Erwartung dieses neuen Gesetzes hat sich der Innenminister von Baden-W\u00fcrttemberg, Thomas Strobl, schon einmal seiner neuen Machtf\u00fclle bedient und vorgeschlagen, <strong>dass Quarant\u00e4neverweigerer zwangsweise in geschlossene Krankenh\u00e4user eingewiesen werden sollten<\/strong>. Auch hier dient diese Ma\u00dfnahme nat\u00fcrlich nur dem Schutz der Gemeinschaft &#8211; vollkommen klar. Das erinnert mich an Trudeau und Kanada, wo es etwas \u00e4hnliches gibt, was in der Entwicklung zu sein scheint: <a href=\"https:\/\/www.yamedo.de\/blog\/canada-trudeau-covid-19-lager\/\" target=\"_blank\" rel=\"noopener\">Canada: Baut Premierminister Trudeau Covid-19-Lager?<\/a><\/p>\n<h2>Fazit und: Was k\u00f6nnen Sie konkret tun?<\/h2>\n<p>Fazit: Die Abschaffung wesentlicher Prinzipien unserer Demokratie steht zur Debatte. Fadenscheinige wissenschaftliche Erkl\u00e4rungen, die von den Politikern selbst geschnitzt werden, dienen dazu, einen Notstand zu zementieren, der Notstandsgesetze auf alle Ewigkeit notwendig macht.<\/p>\n<p><strong>Was k\u00f6nnen Sie tun? Denn: OHNE IHRE HILFE wird dieses Gesetz sicher verabschiedet werden. Nur Ihr Protest wird dies noch beeinflussen k\u00f6nnen!<\/strong><\/p>\n<h3>Ich rate dazu SOFORT ihren Bundestagsabgeordneten und Landtagsabgeordneten zu schreiben. Oder rufen Sie in den B\u00fcros der Abgeordneten an.<\/h3>\n<p>Auf der Webseite des Bundestags finden Sie alle Abgeordneten aller Parteien:<\/p>\n<ul>\n<li><a href=\"https:\/\/www.bundestag.de\/abgeordnete\" target=\"_blank\" rel=\"noopener\">https:\/\/www.bundestag.de\/abgeordnete<\/a><\/li>\n<\/ul>\n<p>Dort k\u00f6nnen Sie eine E-Mail verfassen (per Kontaktformular), einen Brief schreiben (der aber am Montag abgehen muss!) oder Sie rufen im Bundestag an und verlangen das B\u00fcro des Abgeordneten ihrer Wahl.<\/p>\n<p><strong>Was soll man schreiben oder sagen?<\/strong><\/p>\n<p>Ich rate dazu, dass Sie das sagen und mitteilen, was Ihre Meinung und pers\u00f6nliche Empfindung ist. Wenn Sie Anregungen und Inspiration f\u00fcr Schreiben brauchen, dann finden Sie <a href=\"https:\/\/www.yamedo.de\/forum\/thread\/3524-vorschl\u00e4ge-f\u00fcr-briefe-an-die-abgeordneten-zum-bev\u00f6lkerungsschutzgesetz-anti-coro\/\" target=\"_blank\" rel=\"noopener\">Vorlagen dazu in meinem Yamedo Forum<\/a>:<\/p>\n<ul>\n<li><a href=\"https:\/\/www.yamedo.de\/forum\/thread\/3524-vorschl\u00e4ge-f\u00fcr-briefe-an-die-abgeordneten-zum-bev\u00f6lkerungsschutzgesetz-anti-coro\/\" target=\"_blank\" rel=\"noopener\">https:\/\/www.yamedo.de\/forum\/thread\/3524-vorschl\u00e4ge-f\u00fcr-briefe-an-die-abgeordneten-zum-bev\u00f6lkerungsschutzgesetz-anti-coro\/<\/a><\/li>\n<\/ul>\n<p>Bitte beachten Sie, dass die Vorlagen KEINE Empfehlung von mir pers\u00f6nlich darstellen. Jeder Brief \/ &#8222;Vorlage&#8220; \/ Schreiben stellt die Meinung des \/ der Autorin dar. Wer nicht wei\u00df was man schreiben soll, kopiere sich einfach Textpassagen, die man f\u00fcr relevant h\u00e4lt und die man mitteilen m\u00f6chte.<\/p>\n<p>Ich rate dazu durchaus auch etwas pers\u00f6nliches voran zu stellen, wie etwa:<\/p>\n<p>Sehr geehrte Herr \/ Frau XXX,<\/p>\n<p>ich bin XXX Jahre alt und arbeite als XXX.<\/p>\n<p>oder:<\/p>\n<p>Ich geh\u00f6re zu der Gruppe von Menschen die jetzt als &#8222;schutzbed\u00fcrftig&#8220; bezeichnet werden.<\/p>\n<p>oder:<\/p>\n<p>Ich gehe zur Schule \/ Universit\u00e4t und erlebe&#8230;<\/p>\n<p>oder:<\/p>\n<p>Ich mache mir ernsthafte Sorgen bez\u00fcglich dieses Gesetzes und fordere Sie daher auf gegen dieses Gesetz zu stimmen.<\/p>\n<p><strong>Mein Rat: H\u00f6flich und verbindlich bleiben. Wichtig ist, dass man seine Meinung und seine Sorgen zu Geh\u00f6r bringt.<\/strong><\/p>\n<p><strong>\u00dcbrigens: Wenn Sie solche Informationen interessieren, dann fordern Sie unbedingt meinen Praxis-Newsletter mit den &#8222;5 Wundermitteln&#8220; an:<\/strong><br \/>\n<script type=\"text\/javascript\" src=\"https:\/\/rene-graeber.de\/view_webform_v2.js?u=v9&#038;webforms_id=pD2TS\"><\/script><\/p>\n<p>Kleine Anmerkung: Die Sache mit den &#8222;5 Wundermitteln&#8220; ist mit Abstand der beliebteste Newsletter, den meine Patienten gerne lesen&#8230;<\/p>\n<p>Beitragsbild: fotolia.com &#8211; J\u00fcrgen Faelchle<\/p>\n<p>Dieser Beitrag wurde am 10.11.2020 erstellt und am 15.11.2020 \u00fcberarbeitet und erg\u00e4nzt.<\/p>\n","protected":false},"excerpt":{"rendered":"<p>Corona als Ausrede der Politik f\u00fcr die Einschr\u00e4nkung von Grundrechten und Freiheiten &#8211; dieser Standpunkt galt lange als Hirngespinst von Verschw\u00f6rungstheoretikern und rechten Elementen. Jetzt sieht es so aus, dass das Hirngespinst zusammen mit der Ausrede konkret rechtliche Formen annehmen sollen. Und dies wird als eine \u201eReform des Infektionsschutzgesetzes\u201c Gestalt annehmen.<\/p>\n","protected":false},"author":1,"featured_media":2533,"comment_status":"open","ping_status":"open","sticky":false,"template":"","format":"standard","meta":{"footnotes":""},"categories":[7],"tags":[3,135,148],"class_list":["post-2526","post","type-post","status-publish","format-standard","has-post-thumbnail","hentry","category-gesundheit","tag-corona","tag-covid-19","tag-infektionsschutzgesetz"],"_links":{"self":[{"href":"https:\/\/renegraeber.de\/blog\/wp-json\/wp\/v2\/posts\/2526","targetHints":{"allow":["GET"]}}],"collection":[{"href":"https:\/\/renegraeber.de\/blog\/wp-json\/wp\/v2\/posts"}],"about":[{"href":"https:\/\/renegraeber.de\/blog\/wp-json\/wp\/v2\/types\/post"}],"author":[{"embeddable":true,"href":"https:\/\/renegraeber.de\/blog\/wp-json\/wp\/v2\/users\/1"}],"replies":[{"embeddable":true,"href":"https:\/\/renegraeber.de\/blog\/wp-json\/wp\/v2\/comments?post=2526"}],"version-history":[{"count":0,"href":"https:\/\/renegraeber.de\/blog\/wp-json\/wp\/v2\/posts\/2526\/revisions"}],"wp:featuredmedia":[{"embeddable":true,"href":"https:\/\/renegraeber.de\/blog\/wp-json\/wp\/v2\/media\/2533"}],"wp:attachment":[{"href":"https:\/\/renegraeber.de\/blog\/wp-json\/wp\/v2\/media?parent=2526"}],"wp:term":[{"taxonomy":"category","embeddable":true,"href":"https:\/\/renegraeber.de\/blog\/wp-json\/wp\/v2\/categories?post=2526"},{"taxonomy":"post_tag","embeddable":true,"href":"https:\/\/renegraeber.de\/blog\/wp-json\/wp\/v2\/tags?post=2526"}],"curies":[{"name":"wp","href":"https:\/\/api.w.org\/{rel}","templated":true}]}}