{"id":2493,"date":"2020-10-28T12:12:56","date_gmt":"2020-10-28T11:12:56","guid":{"rendered":"https:\/\/renegraeber.de\/blog\/?p=2493"},"modified":"2020-10-28T12:12:56","modified_gmt":"2020-10-28T11:12:56","slug":"deutschland-wartet-auf-den-zweiten-lockdown","status":"publish","type":"post","link":"https:\/\/renegraeber.de\/blog\/deutschland-wartet-auf-den-zweiten-lockdown\/","title":{"rendered":"Deutschland wartet auf den zweiten Lockdown &#8212; Und: Ich habe einen Traum"},"content":{"rendered":"<p>Und t\u00e4glich gr\u00fc\u00dft das Murmeltier: Deutschland sitzt wieder vor dem Fernseher und wartet auf den n\u00e4chsten Lockdown. Lockdown? Nein, das wird jetzt sicher anders hei\u00dfen: &#8222;Wellenbrecher light&#8220; oder so \u00e4hnlich.<\/p>\n<p>Denn das &#8222;Drohszenario&#8220; geht wie folgt: Wenn nicht jetzt in einer &#8222;Light-Version&#8220;, dann m\u00fcsse in einigen Wochen ein Total-Lockdown erfolgen.<\/p>\n<p><!--more--><\/p>\n<p>Diese Fragen und die damit verbundenen \u00c4ngste betreffen (wieder einmal und \/ oder immer noch) Millionen von Menschen in Deutschland. Und ich meine nicht nur die Angst vor dem Virus, sondern die Angst die Lebensgrundlage zu verlieren.<\/p>\n<p>Die Veranstaltungsbranche ist heute am 28.10.20 auf einer Gro\u00dfdemo in Berlin; mit dabei u.a. Dieter Hallervorden und Roland Kaiser. Die Branche mit allen K\u00fcnstlerinnen und K\u00fcnstlern, Firmen und Solo-Selbst\u00e4ndigen sind der sechst gr\u00f6\u00dfte Wirtschaftszweig in Deutschland.<\/p>\n<h2>Die Angst ist das vorherrschende Thema in Deutschland<\/h2>\n<p>Wenn man mal etwas in die Physiologie schaut, sieht man sofort welchen Mechanismen wir seit Monaten ausgesetzt werden: Angst stimuliert Adrenalin, Noradrenalin und das Kortisol im K\u00f6rper.<\/p>\n<p>Das Kortisol wird in der Nebenniere gebildet &#8212; und die ist bei den meisten chronisch Kranken sowieso schon &#8222;fertig&#8220;.<\/p>\n<p>Ein nicht unerheblicher Teil meiner Praxis-Arbeit besteht daran die Nebenniere wieder auf &#8222;Vordermann&#8220; zu bringen. In meinem Grundsatzbeitrag dazu gehe ich ausf\u00fchrlicher darauf ein:<\/p>\n<ul>\n<li><a href=\"https:\/\/www.naturheilt.com\/Inhalt\/Nebennierenprobleme.htm\" target=\"_blank\" rel=\"noopener\">https:\/\/www.naturheilt.com\/Inhalt\/Nebennierenprobleme.htm<\/a><\/li>\n<\/ul>\n<p>Was da in der Folge alleine dran h\u00e4ngt sieht man an den ganzen chronischen Erkrankungen. Und wenn ihr im Beitrag schaut was dagegen hilft, dann seht ihr auch einige Dinge die antiviral wirken, wie z.B. die S\u00fc\u00dfholzwurzel oder die Heilpilze.<\/p>\n<p><strong>\u00dcbrigens: Wenn Sie solche Informationen interessieren, dann fordern Sie unbedingt meinen kostenlosen Praxis-Newsletter &#8222;Unabh\u00e4ngig. Nat\u00fcrlich. Klare Kante.&#8220; dazu an:<\/strong><br \/>\n<script type=\"text\/javascript\" src=\"https:\/\/rene-graeber.de\/view_webform_v2.js?u=v9&#038;webforms_id=pL1KE\"><\/script><\/p>\n<h2>Covid ist ein medizinisches Problem<\/h2>\n<p>F\u00fcr mich ist Corona und Covid-19 ganz klar ein &#8222;medizinisches Problem&#8220; und kein Fall f\u00fcr die Interventionspolitik (inkl. Angstmacherei) der Regierungen und den entsprechenden Medienberichten.<\/p>\n<h4>Wie sieht es denn aus in Deutschland?<\/h4>\n<ul>\n<li>1.547 Menschen auf Intensivstationen wegen Covid-19.<\/li>\n<li>7.545 Intensivbetten sind frei.<\/li>\n<li>Verstorbene am 27.10. 81 Menschen in Deutschland an Covid-19. Am 27.10. 44 Menschen.<\/li>\n<li>In Schweden waren es 7, bzw. 1 Person.<\/li>\n<li>Und in den L\u00e4ndern mit den h\u00e4rtesten Lockdown-Ma\u00dfnahmen wie Frankreich 523, bzw. 257 Menschen.<\/li>\n<\/ul>\n<p>Ich k\u00f6nnte jetzt wieder mit dem Alter, den Vorerkrankungen und den Relationen zur normalen Sterblichkeit beginnen. Aber das bringt uns nicht weiter.<\/p>\n<p>Ebenso wenig wird uns ein weiterer Lockdown voranbringen &#8211; dies zeigen die Untersuchungen zu den Lockdowns des Fr\u00fchjahrs, wie ich bereits in mehreren Beitr\u00e4gen schrieb:<\/p>\n<ul>\n<li><a href=\"https:\/\/renegraeber.de\/blog\/lockdown-rettete-keine-leben\/\">https:\/\/renegraeber.de\/blog\/lockdown-rettete-keine-leben\/<\/a><\/li>\n<li><a href=\"https:\/\/renegraeber.de\/blog\/der-lock-down-der-nichts-bringt\/\">https:\/\/renegraeber.de\/blog\/der-lock-down-der-nichts-bringt\/<\/a><\/li>\n<li><a href=\"https:\/\/renegraeber.de\/blog\/sterbefaelle-corona-lockdown\/\">https:\/\/renegraeber.de\/blog\/sterbefaelle-corona-lockdown\/<\/a><\/li>\n<\/ul>\n<p>und aus dem September 2020:<\/p>\n<ul>\n<li><a href=\"https:\/\/www.yamedo.de\/blog\/wirkungslosigkeit-von-lockdown-maksen\/\" target=\"_blank\" rel=\"noopener\">https:\/\/www.yamedo.de\/blog\/wirkungslosigkeit-von-lockdown-maksen\/<\/a><\/li>\n<\/ul>\n<h2>Wie s\u00e4he eine m\u00f6gliche L\u00f6sung aus?<\/h2>\n<p>Ganz klar so \u00e4hnlich wie ich es oben im Beitrag zur Nebenniere beschrieben habe:<\/p>\n<p><strong>1. Die Zwangsma\u00dfnahmen sind zu beenden<\/strong>, inklusive der Angstberichterstattung.<\/p>\n<p><strong>2. Dies w\u00fcrde Adrenalin sofort senken und die Nebenniere entlasten.<\/strong> Der\u00a0 Abstandskram muss dringend weg &#8211; es muss wieder mehr gekuschelt werden, denn das sch\u00fcttet Oxytocin aus, das &#8222;Kuschelhormon&#8220;. In der Folge w\u00fcrden dann auch wieder Dopamin und Serotonin (=Gl\u00fcckshormone) steigen. Und damit w\u00e4re sehr viel gewonnen! Heilpflanzen, Hom\u00f6opathie, Entspannungsverfahren helfen dabei, wie ich im Nebennieren-Beitrag ja zeige: <a href=\"https:\/\/www.naturheilt.com\/Inhalt\/Nebennierenprobleme.htm\" target=\"_blank\" rel=\"noopener\">https:\/\/www.naturheilt.com\/Inhalt\/Nebennierenprobleme.htm<\/a><\/p>\n<p>Und bevor von einigen der &#8222;Sofort-Aufschrei&#8220; kommt, nach dem Motto &#8222;Wie k\u00f6nnen Sie es wagen!&#8220; &#8211; sage ich: Wer krank ist bleibt zu Hause und geh\u00f6rt ins Bett und schleppt sich nicht zur Arbeit. Dies sage ich meinen Kolleginnen und Kollegen seit Jahrzehnten. Immungeschw\u00e4chte Patienten m\u00fcssen vern\u00fcnftig gesch\u00fctzt werden. Das w\u00e4re mal ein Appell an die Eigenverantwortung und nicht die Drohkulisse Lockdown, Geldbu\u00dfen, usw.<\/p>\n<p><strong>3. Es gibt Medikamente gegen Corona.<\/strong><br \/>\nDie Ma\u00dfnahmen dazu habe ich bereits in meinem Grippebuch beschrieben:<br \/>\n<a href=\"https:\/\/www.renegraeber.de\/biologische-grippe-therapie.html\">https:\/\/www.renegraeber.de\/biologische-grippe-therapie.html<\/a><br \/>\nViele Leserinnen und Leser aus aller Welt schrieben mir bereits wie sie die Mittel auch bei Covid-Patienten eingesetzt haben &#8211; mit absolut erstaunlichem Erfolg.<br \/>\nDar\u00fcberhinaus habe ich auch weitere Ma\u00dfnahmen im ganz neuen Buch: Die Akte Corona beschrieben: <a href=\"https:\/\/www.renegraeber.de\/akte-corona.html\">https:\/\/www.renegraeber.de\/akte-corona.html<\/a><\/p>\n<p><strong>4. Immungeschw\u00e4chte Patienten bed\u00fcrfen eines konsequenten Schutzes<\/strong> in den Kliniken und in den Heimen (=Hygienekonzepte). Damit w\u00e4re auch in den kommenden Jahren sehr viel gewonnen &#8211; Stichwort: 20.000 bis 40.000 Verstorbene durch &#8222;Krankenhauskeime&#8220; JEDES Jahr.<\/p>\n<p><strong>\u00dcbrigens: Wenn Sie solche Informationen interessieren, dann fordern Sie unbedingt meinen kostenlosen Praxis-Newsletter &#8222;Unabh\u00e4ngig. Nat\u00fcrlich. Klare Kante.&#8220; dazu an:<\/strong><br \/>\n<script type=\"text\/javascript\" src=\"https:\/\/rene-graeber.de\/view_webform_v2.js?u=v9&#038;webforms_id=pL1KE\"><\/script><\/p>\n<h2>Ich habe einen Traum&#8230;<\/h2>\n<p><strong>Ich haben einen Traum<\/strong>, dass auf der Pressekonferenz heute Nachmittag das Ende aller Ma\u00dfnahmen bekannt gegeben wird.<\/p>\n<p><strong>Ich habe einen Traum<\/strong>, dass alle betroffenen Grippe-Patienten mit entsprechenden Pflanzenextrakten und Vitalstoffen behandelt werden (Vitamin C, Vitamin D, usw.)\u00a0 und zwar bevor diese in die Klinik m\u00fcssen.<\/p>\n<p>Die Evidenz daf\u00fcr ist ja da:<\/p>\n<ul>\n<li><a href=\"https:\/\/vitalstoffmedizin.com\/blog\/corona-vitamin-d-covid-19\/\" target=\"_blank\" rel=\"noopener\">https:\/\/vitalstoffmedizin.com\/blog\/corona-vitamin-d-covid-19\/<\/a><\/li>\n<li><a href=\"https:\/\/vitalstoffmedizin.com\/blog\/vitamin-c-gegen-corona\/\" target=\"_blank\" rel=\"noopener\">https:\/\/vitalstoffmedizin.com\/blog\/vitamin-c-gegen-corona\/<\/a><\/li>\n<li><a href=\"https:\/\/vitalstoffmedizin.com\/blog\/kraeutertee-gegen-corona\/\" target=\"_blank\" rel=\"noopener\">https:\/\/vitalstoffmedizin.com\/blog\/kraeutertee-gegen-corona\/<\/a><\/li>\n<li><a href=\"https:\/\/vitalstoffmedizin.com\/blog\/ganoderma-reishi-gegen-corona\/\" target=\"_blank\" rel=\"noopener\">https:\/\/vitalstoffmedizin.com\/blog\/ganoderma-reishi-gegen-corona\/<\/a><\/li>\n<li><a href=\"https:\/\/vitalstoffmedizin.com\/blog\/kurkuma-gegen-covid-19\/\" target=\"_blank\" rel=\"noopener\">https:\/\/vitalstoffmedizin.com\/blog\/kurkuma-gegen-covid-19\/<\/a><br \/>\nund noch viel mehr&#8230;<\/li>\n<\/ul>\n<p><strong>Ich habe einen Traum<\/strong>, dass man den Menschen zus\u00e4tzlich sagt, dass Sie auf ihre\u00a0 Ern\u00e4hrung achten sollten (inklusive zum Beispiel des S\u00e4ure-Basen-Haushalt).<\/p>\n<p><strong>Ich habe einen Traum<\/strong>, dass erkl\u00e4rt wird, dass die Landwirtschaft auf biologische Anbauweisen und einer artgerechte Tierhaltung umgestellt wird.<\/p>\n<p><strong>Und ich habe den Traum<\/strong>, dass alle Menschen ein angstfreies und erf\u00fclltes Leben leben k\u00f6nnen und d\u00fcrfen. Ein Leben in Freiheit in (und mit) Liebe.<\/p>\n<p>Ja, ich wei\u00df: sch\u00f6ne Tr\u00e4ume.<\/p>\n<h2>Und das ist f\u00fcr mich der eigentliche Skandal:<\/h2>\n<p>Die klassische Medizin und ihre Protagonisten setzen auf verschreibungspflichtige Mittel und eine Gen-Impfung von der keiner wei\u00df &#8222;wie, wann und ob&#8220;. Milliarden werden daf\u00fcr ausgegeben.<\/p>\n<p>Gleichzeitig sagt man den Menschen es g\u00e4be keine &#8222;Therapie&#8220; gegen Covid-19 und auch (noch) keine Impfung.<\/p>\n<p>Zeitgleich wird das ganze Land weiterhin durch Infektionszahlen und Drohszenarien in Angst und Schrecken versetzt.<\/p>\n<p>Mir ist v\u00f6llig klar, dass das was ich hier schreibe f\u00fcr viele Menschen ein Zumutung bedeutet.<\/p>\n<p>Menschen, die an die Allmacht der klassischen Medizin glauben, so wie ich auch bis zum Jahr 1996. Der Schock kam f\u00fcr mich damals ziemlich fr\u00fch mit knapp 30, als man mir in der Uniklinik sagte, dass man mir nicht mehr helfen k\u00f6nne.<\/p>\n<p>Gut&#8230; manche meinen, dass man mir sowieso nicht mehr helfen k\u00f6nne &#8211; aber das muss jeder mit sich selbst ausmachen.<\/p>\n<p>Ich sehe und wei\u00df um die POWER einer <a href=\"https:\/\/www.naturheilt.com\" target=\"_blank\" rel=\"noopener\">richtig angewandten Naturheilkunde<\/a>. Ich habe keine Angst vor Corona, denn ich wei\u00df, was zu tun ist.<\/p>\n<p>Ich wei\u00df aber, dass es sehr sehr viele Menschen eben nicht wissen und einfach auf einen Beatmungsplatz im Fall der F\u00e4lle hoffen &#8211; wie bereits im M\u00e4rz. Mit dieser Art der Medizin und mit dieser Art der Denkweise werden wir noch viel Leid in unserem Land sehen.<\/p>\n<p>Ich m\u00f6chte weiterhin daran arbeiten und helfen diese Denkmuster und Strukturen zu \u00e4ndern. Und ich wei\u00df auch, dass es sehr viele von Euch ebenso sehen &#8211; die sich aber derzeit immer noch nicht trauen etwas zu sagen. Ich kann das sehr gut verstehen.<\/p>\n<p>Aber irgendwann kommt ein Tag, an dem man sich entscheiden muss. F\u00fcr mich war dieser Tag im Sommer 1996. Und ich danke meinem Sch\u00f6pfer heute, dass dieser Tag so fr\u00fch in einem Leben trat.<\/p>\n<p><strong>\u00dcbrigens: Wenn Sie solche Informationen interessieren, dann fordern Sie unbedingt meinen kostenlosen Praxis-Newsletter &#8222;Unabh\u00e4ngig. Nat\u00fcrlich. Klare Kante.&#8220; dazu an:<\/strong><br \/>\n<script type=\"text\/javascript\" src=\"https:\/\/rene-graeber.de\/view_webform_v2.js?u=v9&#038;webforms_id=pL1KE\"><\/script><\/p>\n","protected":false},"excerpt":{"rendered":"<p>Und t\u00e4glich gr\u00fc\u00dft das Murmeltier: Deutschland sitzt wieder vor dem Fernseher und wartet auf den n\u00e4chsten Lockdown. Lockdown? Nein, das wird jetzt sicher anders hei\u00dfen: &#8222;Wellenbrecher light&#8220; oder so \u00e4hnlich. Denn das &#8222;Drohszenario&#8220; geht wie folgt: Wenn nicht jetzt in einer &#8222;Light-Version&#8220;, dann m\u00fcsse in einigen Wochen ein Total-Lockdown erfolgen.<\/p>\n","protected":false},"author":1,"featured_media":2496,"comment_status":"open","ping_status":"open","sticky":false,"template":"","format":"standard","meta":{"footnotes":""},"categories":[7],"tags":[3,71],"class_list":["post-2493","post","type-post","status-publish","format-standard","has-post-thumbnail","hentry","category-gesundheit","tag-corona","tag-gesundheit"],"_links":{"self":[{"href":"https:\/\/renegraeber.de\/blog\/wp-json\/wp\/v2\/posts\/2493","targetHints":{"allow":["GET"]}}],"collection":[{"href":"https:\/\/renegraeber.de\/blog\/wp-json\/wp\/v2\/posts"}],"about":[{"href":"https:\/\/renegraeber.de\/blog\/wp-json\/wp\/v2\/types\/post"}],"author":[{"embeddable":true,"href":"https:\/\/renegraeber.de\/blog\/wp-json\/wp\/v2\/users\/1"}],"replies":[{"embeddable":true,"href":"https:\/\/renegraeber.de\/blog\/wp-json\/wp\/v2\/comments?post=2493"}],"version-history":[{"count":0,"href":"https:\/\/renegraeber.de\/blog\/wp-json\/wp\/v2\/posts\/2493\/revisions"}],"wp:featuredmedia":[{"embeddable":true,"href":"https:\/\/renegraeber.de\/blog\/wp-json\/wp\/v2\/media\/2496"}],"wp:attachment":[{"href":"https:\/\/renegraeber.de\/blog\/wp-json\/wp\/v2\/media?parent=2493"}],"wp:term":[{"taxonomy":"category","embeddable":true,"href":"https:\/\/renegraeber.de\/blog\/wp-json\/wp\/v2\/categories?post=2493"},{"taxonomy":"post_tag","embeddable":true,"href":"https:\/\/renegraeber.de\/blog\/wp-json\/wp\/v2\/tags?post=2493"}],"curies":[{"name":"wp","href":"https:\/\/api.w.org\/{rel}","templated":true}]}}