{"id":2273,"date":"2020-08-17T22:26:33","date_gmt":"2020-08-17T21:26:33","guid":{"rendered":"https:\/\/renegraeber.de\/blog\/?p=2273"},"modified":"2020-08-17T22:26:33","modified_gmt":"2020-08-17T21:26:33","slug":"corona-sterblichkeit-usa-schweden-deutschland-philippinen","status":"publish","type":"post","link":"https:\/\/renegraeber.de\/blog\/corona-sterblichkeit-usa-schweden-deutschland-philippinen\/","title":{"rendered":"Corona-Sterblichkeitszahlen: USA, Schweden, Deutschland, Philippinen im Vergleich"},"content":{"rendered":"<p>Die erste H\u00e4lfte des Jahres 2020 ist vorbei. Heute, Mitte August 2020, k\u00f6nnte man es vielleicht wagen, einmal einen Blick auf die Mortalit\u00e4tszahlen der ersten Jahresh\u00e4lfte zu werfen. Inzwischen sollten auch die meisten Daten f\u00fcr bis einschlie\u00dflich Juni von den offiziellen Stellen erfasst worden sein.<\/p>\n<p>Damit will ich sagen, dass in den letzten sechs Wochen seit Ende Juni nachzutragende, noch ausstehende Daten im Datenpool eingegangen und damit dieser Datenpool komplett sein d\u00fcrfte.<\/p>\n<p><!--more--><\/p>\n<p>Von besonderem Interesse sind hier nat\u00fcrlich die Zahlen aus den USA, nicht zuletzt deshalb, weil hier eine Reihe von Vorkommnissen zu verzeichnen waren:<\/p>\n<ul>\n<li><a href=\"https:\/\/renegraeber.de\/blog\/corona-usa-new-york-whistleblowerin\/\">Corona: Was ist in den USA los? Der &#8222;Horror-Bericht&#8220; einer Whistleblowerin aus New York<\/a><\/li>\n<li><a href=\"https:\/\/www.yamedo.de\/blog\/selbstmorde-in-corona-zeiten\/\" target=\"_blank\" rel=\"noopener\">Der Preis des Lockdowns: In vier Wochen so viele Selbstmorde wie in einem Jahr &#8211; Beispiel USA<\/a><\/li>\n<li><a href=\"https:\/\/www.yamedo.de\/blog\/usa-saeuglingssterblichkeit-lockdown\/\" target=\"_blank\" rel=\"noopener\">USA &#8211; dramatisch fallende S\u00e4uglingssterblichkeit aufgrund des Lockdowns und nicht durchgef\u00fchrter Impfungen?<\/a><\/li>\n<\/ul>\n<p>Dazu gesellt sich die Tatsache, dass von den offiziellen Corona-Statistiken die USA als eines der L\u00e4nder bezeichnet wird, die von Covid-19 angeblich besonders betroffen waren. Was ist also dran an diesen Behauptungen?<\/p>\n<p><strong>\u00dcbrigens: Wenn Sie solche Informationen interessieren, dann fordern Sie unbedingt meinen kostenlosen Praxis-Newsletter dazu an:<\/strong><br \/>\n<script type=\"text\/javascript\" src=\"https:\/\/rene-graeber.de\/view_webform_v2.js?u=v9&#038;webforms_id=pDDkW\"><\/script><\/p>\n<p>Ich sollte noch eins vorausschicken. Und das ist die Tatsache, dass es offensichtlich unterschiedliche Arten der Darstellung der Zahlen gibt. Die Zahlen von der Johns Hopkins Universit\u00e4t<a href=\"#_ftn1\" name=\"_ftnref1\">[1]<\/a> berichten nur absolute Zahlen, ohne Kontext und Zusammenhang zur Gr\u00f6\u00dfe der Population, zu Zahl der Testungen, die durchgef\u00fchrt wurden etc.<\/p>\n<p>Es werden hier zwar Angaben zur Zahl der Testungen gemacht, die der Betrachter jedoch selbst in Bezug zu den angegebenen absoluten Zahlen bringen muss.<\/p>\n<p>Worldometers<a href=\"#_ftn2\" name=\"_ftnref2\">[2]<\/a> bietet hier einen deutlich besseren Service. Man erf\u00e4hrt hier in der Tabelle nicht nur absolute Zahlen, sondern auch Relationen, wie zum Beispiel Tests\/1.000.000 Einwohner, Todesrate umgerechnet auf 1 Million Einwohner, das Gleiche f\u00fcr die Anzahl der F\u00e4lle etc.<\/p>\n<p><strong>Auf der Homepage von Worldometers kann man dazu noch andere interessante Zahlen einsehen, zum Beispiel:<\/strong><\/p>\n<ul>\n<li>dass \u201eheute\u201c knapp 14.000 Menschen an Hunger gestorben sind,<\/li>\n<li>dass dieses Jahr knapp 8 Millionen Menschen auf der Welt an \u00fcbertragbaren Erkrankungen gestorben sind,<\/li>\n<li>dass dieses Jahr knapp 300.000 Menschen an der Grippe gestorben sind,<\/li>\n<li>dass 1 Million Menschen dieses Jahr an AIDS gestorben sind,<\/li>\n<li>dass dieses Jahr bereits 5 Millionen Menschen an Krebs gestorben sind,<\/li>\n<li>dass dieses Jahr 3 Millionen Menschen an den Folgen von Rauchen verstorben sind und 1,5 Millionen aufgrund von Alkoholkonsum,<\/li>\n<li>und dass \u00fcber 650.000 Menschen bis August 2020 durch Selbstmord aus dem Leben getreten sind.<\/li>\n<\/ul>\n<p>Die letzte Zahl entspricht ungef\u00e4hr, wenn auch nicht ganz der Zahl der offiziellen Covid-19-Opfer. Eine weitere Zahl, die dieser Zahl \u00fcberhaupt nicht entspricht, sind die <strong>4,6 Millionen Kinder unter f\u00fcnf Jahren<\/strong>, die bereits in diesem Jahr gestorben sind. Das ist \u00fcber sechsmal mehr als die offiziellen Covid-19-Opfer!<\/p>\n<p>Ich hatte bereits schon \u00fcber die Problematik geschrieben, wie SARS-CoV-2-\u201eF\u00e4lle\u201c ermittelt werden, und zwar \u00fcber den PCR-Test<a href=\"#_ftn3\" name=\"_ftnref3\">[3]<\/a>. Der Test weist allerdings keine Viren nach, sondern nur Gensequenzen, von denen man annimmt, dass sie in SARS-CoV-2 vorkommen und somit ein positiver Test immer als \u201eInfektionsnachweis\u201c gehandelt wird. Auch die Verstorbenen, die als Covid-19-Opfer gelten, weil sie mit einem positiven Test verstorben sind, sind nicht notwendigerweise durch die Covid-19-Infektion gestorben.<\/p>\n<p>Ein solcher Schluss kann nur durch eine Autopsie sichergestellt werden. Vielmehr gibt es Grund f\u00fcr die Annahme, dass viele dieser Opfer aufgrund ihrer Vorerkrankungen im Zusammenhang mit einem hohen Alter gestorben sind und mehr oder weniger zuf\u00e4llig einen positiven Test aufwiesen. Inzwischen gibt es F\u00e4lle, wo Verstorbene, die vor einigen Monaten einen positiven Test hatten, auch noch als Covid-19-Opfer gelistet werden, obwohl die Todesursache eindeutig nichts mit Covid-19 zu tun hat.<\/p>\n<p>Eine wesentlich weniger umstrittene Quelle bei der Beurteilung, ob so etwas wie eine Pandemie oder Epidemie vorgelegen hat, sind die Zahlen zur Gesamtmortalit\u00e4t einer Bev\u00f6lkerung. Hier er\u00fcbrigt sich der Streit, ob die Covid-19-Opfer jetzt wirklich Covid-19-Opfer sind oder Verstorbene mit einem zuf\u00e4llig positiven Test, der auch noch unter Umst\u00e4nden falsch-positiv sein kann.<\/p>\n<p>Denn falls eine verheerende Pandemie vorliegen sollte, dann m\u00fcsste sich dies in der Gesamtmortalit\u00e4t bemerkbar machen. Falls die Gesamtmortalit\u00e4t sich nicht zu den Zahlen des Vorjahres beziehungsweise zu den Zahlen der vorherigen Jahre signifikant unterscheidet, warum spricht man dann noch von einer \u201ePandemie\u201c?<\/p>\n<p>Und wenn sie sich unterscheiden, wie ausgepr\u00e4gt sind die Unterschiede, dass man von einer Pandemie reden kann?<\/p>\n<p><strong>\u00dcbrigens: Wenn Sie solche Informationen interessieren, dann fordern Sie unbedingt meinen kostenlosen Praxis-Newsletter &#8222;Unabh\u00e4ngig. Nat\u00fcrlich. Klare Kante.&#8220; dazu an:<\/strong><br \/>\n<script type=\"text\/javascript\" src=\"https:\/\/rene-graeber.de\/view_webform_v2.js?u=v9&#038;webforms_id=pL1KE\"><\/script><\/p>\n<h2>USA<\/h2>\n<p>Die offiziellen Zahlen zur Gesamtmortalit\u00e4t in den USA scheinen extrem schwer zu finden zu sein. Wenn man hier sucht, landet man immer und immer wieder auf der Webseite der CDC, die im Wesentlichen nur \u00fcber Covid-19 berichtet. Eine zusammenfassende \u00dcbersicht \u00fcber die Gesamtmortalit\u00e4t in den Jahren 2020 und den Jahren zuvor scheint es nicht zu geben. Was ich zun\u00e4chst f\u00fcr einen Zufall hielt, scheint jedoch Methode zu haben.<\/p>\n<p>Dies erfuhr ich aus einer Sitzung<a href=\"#_ftn4\" name=\"_ftnref4\">[4]<\/a> der \u201eStiftung Corona Ausschuss\u201c, bei der es um die Lage in den USA und anderen L\u00e4ndern ging. Hier kam eine amerikanische \u00c4rztin, Dr. Pam Popper<a href=\"#_ftn5\" name=\"_ftnref5\">[5]<\/a>, zu Wort, die von einem \u201eDaten-Schlamassel\u201c redete, der mehr Fragen aufwirft als Fragen beantwortet.<\/p>\n<p>Es gibt eine vergleichende Statistik bei der CDC<a href=\"#_ftn6\" name=\"_ftnref6\">[6]<\/a> f\u00fcr die Jahre 2019 und 2020, die allerdings nach Wochen und Bundesstaaten aufgegliedert ist. Die Filterfunktion scheint auch nicht besonders hilfreich zu sein, wenn man Zahlen f\u00fcr die USA pro Monat erhalten m\u00f6chte. Man muss sich also hinsetzen und die Zahlen von 50 Bundesstaaten mal 30 Wochen selbst zusammenaddieren.<\/p>\n<p>Hilfreicher ist hier ein Beitrag<a href=\"#_ftn7\" name=\"_ftnref7\">[7]<\/a> aus dem \u201e\u00c4rzteblatt\u201c, der allerdings bereits Mitte Juli 2020 erschien.<\/p>\n<p>Und dieser Beitrag zeigt folgendes:<\/p>\n<p><strong>Bis zum M\u00e4rz 2019 und 2020 gibt es keine Auff\u00e4lligkeiten. Es sterben etwa 58.000 Menschen pro Woche in den beiden genannten Zeitr\u00e4umen. Ende M\u00e4rz 2020 (22. bis 28. M\u00e4rz) steigt der Wert, um in dem Zeitraum zwischen 5. bis 11. April auf fast 78.000 (H\u00f6chstwert) anzusteigen.<\/strong><\/p>\n<p>Mitte Mai erreicht die Kurve wieder den Basiswert von 58.000 Toten pro Woche. Interessant ist, dass der \u201eSinkflug\u201c der Kurve danach weiterhin Bestand hat und Anfang Juni die Marke von 50.000 Toten pro Woche unterschreitet.<\/p>\n<p><strong>Der Autor schreibt weiter, dass ein Vergleich mit 2019 eine \u00dcbersterblichkeit (vermehrte Sterblichkeit im Vergleich zu definierten Zeitabschnitten der vorherigen Jahre) von bis zu 20.000 Toten pro Woche (das w\u00e4ren also rund 78.000 Tote pro Woche) f\u00fcr einige Wochen zu beobachten war. Interessant ist, dass das vorliegende Datenmaterial zu den Covid-19-Opfern nicht auszureichen scheint, diese 20.000 Tote \u00dcbersterblichkeit mit SARS-CoV-2 zu erkl\u00e4ren.<\/strong> Der Autor schreibt, dass zu Maximalzeitpunkt der Pandemie \u201enur\u201c etwas \u00fcber 15.000 Covid-19-Tote verzeichnet wurden. Woran sind dann die restlichen 5000 gestorben?<\/p>\n<p>Er bemerkt hier, dass die Statistik einen deutlichen Anstieg der Sterblichkeit \u201e<em>als Folge von Herzkrankheiten, Diabetes mellitus oder Nierenerkrankungen\u201c <\/em>ergeben hat. Man k\u00f6nnte hier auch die Frage stellen, ob diese \u00dcbersterblichkeit, die sich in einem so engen definierten Rahmen gezeigt hat und unmittelbar nach dem Lockdown erfolgt ist, nicht Folge der Lockdown-Ma\u00dfnahmen sein k\u00f6nnten?<\/p>\n<p>Wer diese \u00dcbersterblichkeit mit Covid-19 begr\u00fcndet, der sollte sich die Frage stellen, warum das Virus mit seinen verheerenden Wirkungen ausgerechnet bis Ende M\u00e4rz und April gewartet hat, wo es zudem auch noch den Lockdown gegeben hat? Warum sind nicht schon vorher viele Menschen an SARS-CoV-2 gestorben, wo die \u201ePandemie\u201c zu diesem Zeitpunkt bereits seit drei Monaten unterwegs war?<\/p>\n<p><strong>Diese Beobachtung, die f\u00fcr die USA zu gelten scheint, ist auch bei anderen L\u00e4ndern, die einen Lockdown veranstaltet hatten, in sehr \u00e4hnlicher Weise (man k\u00f6nnte fast sagen frappierend) dokumentiert worden.<\/strong><\/p>\n<p>Dieser Beitrag<a href=\"#_ftn8\" name=\"_ftnref8\">[8]<\/a> bringt eindrucksvolle Grafiken, die zeigen, zu welchen Zeitpunkt in verschiedenen L\u00e4ndern die \u00dcbersterblichkeit eingesetzt hatte und wann der Lockdown in diesen L\u00e4ndern beschlossen wurde:<\/p>\n<p><a href=\"https:\/\/renegraeber.de\/blog\/wp-content\/uploads\/2020\/08\/1.png\"><img decoding=\"async\" class=\"alignnone size-full wp-image-2274\" src=\"https:\/\/renegraeber.de\/blog\/wp-content\/uploads\/2020\/08\/1.png\" alt=\"\" width=\"1614\" height=\"1000\" srcset=\"https:\/\/renegraeber.de\/blog\/wp-content\/uploads\/2020\/08\/1.png 1600w, https:\/\/renegraeber.de\/blog\/wp-content\/uploads\/2020\/08\/1-300x186.png 300w, https:\/\/renegraeber.de\/blog\/wp-content\/uploads\/2020\/08\/1-1030x638.png 1030w, https:\/\/renegraeber.de\/blog\/wp-content\/uploads\/2020\/08\/1-768x476.png 768w, https:\/\/renegraeber.de\/blog\/wp-content\/uploads\/2020\/08\/1-1536x952.png 1536w, https:\/\/renegraeber.de\/blog\/wp-content\/uploads\/2020\/08\/1-1500x929.png 1500w, https:\/\/renegraeber.de\/blog\/wp-content\/uploads\/2020\/08\/1-705x437.png 705w\" sizes=\"(max-width: 1614px) 100vw, 1614px\" \/><\/a><\/p>\n<p>Durchgehend ist erkennbar, dass \u00dcbersterblichkeit in einem mehr oder weniger ausgepr\u00e4gten Ma\u00dfe erst nach der Implementierung des Lockdowns zu verzeichnen ist.<\/p>\n<p>Noch mal die Frage: Warum gibt es zwischen Januar und Mitte bis Ende M\u00e4rz keine \u00dcbersterblichkeit trotz \u201ePandemie\u201c? Und warum taucht diese \u00dcbersterblichkeit unmittelbar nach dem Lockdown auf? Welche Mechanismen m\u00fcssen hier vorliegen, dass das Virus erst nach dem Lockdown seine Opfer fordert und nicht schon in den vorangegangenen Monaten?<\/p>\n<p>Oder ist die Antwort viel einfacher: Nicht das Virus ist f\u00fcr diese \u00dcbersterblichkeit verantwortlich, sondern die Lockdown-Ma\u00dfnahmen?<\/p>\n<p>Aber selbst wenn das Virus f\u00fcr diese \u00dcbersterblichkeit verantwortlich w\u00e4re, bleibt immer noch die Frage, warum die Lockdown-Ma\u00dfnahmen, die zu diesem Zeitpunkt aktiv waren, diese\u00a0 \u00dcbersterblichkeit nicht verhindert haben, wenn die Ma\u00dfnahmen effektiv gewesen w\u00e4ren?<\/p>\n<h2>Schweden<\/h2>\n<p>Zur Situation in Schweden hatte ich bereits einen ausf\u00fchrlichen Beitrag ver\u00f6ffentlicht: <a href=\"https:\/\/naturheilt.com\/blog\/corona-in-schweden\/\" target=\"_blank\" rel=\"noopener\">Corona-Zahlen in Schweden im Sinkflug und niemand zittert vor der zweiten Welle<\/a><\/p>\n<p>In diesem Zusammenhang ist es nat\u00fcrlich interessant zu sehen, welche Zahlen die Schweden selber ver\u00f6ffentlichen. Unter diesem Link kann man sich eine Excel-Tabelle herunterladen, die alle Zahlen beinhaltet: <a href=\"https:\/\/www.scb.se\/en\/finding-statistics\/statistics-by-subject-area\/population\/population-composition\/population-statistics\/pong\/tables-and-graphs\/preliminary-statistics-on-deaths\/\" target=\"_blank\" rel=\"noopener\">https:\/\/www.scb.se\/en\/finding-statistics\/statistics-by-subject-area\/population\/population-composition\/population-statistics\/pong\/tables-and-graphs\/preliminary-statistics-on-deaths\/<\/a>.<\/p>\n<p>Hier die Vergleichszahlen von Woche 1 bis Woche 30 f\u00fcr den Durchschnitt der Jahre 2015-2019 auf der einen Seite und f\u00fcr das Jahr 2020 auf der anderen Seite und einer dazugeh\u00f6rigen grafischen Darstellung :<\/p>\n<p><a href=\"https:\/\/renegraeber.de\/blog\/wp-content\/uploads\/2020\/08\/3.png\"><img decoding=\"async\" class=\"size-full wp-image-2275 aligncenter\" src=\"https:\/\/renegraeber.de\/blog\/wp-content\/uploads\/2020\/08\/3.png\" alt=\"\" width=\"307\" height=\"764\" srcset=\"https:\/\/renegraeber.de\/blog\/wp-content\/uploads\/2020\/08\/3.png 307w, https:\/\/renegraeber.de\/blog\/wp-content\/uploads\/2020\/08\/3-121x300.png 121w, https:\/\/renegraeber.de\/blog\/wp-content\/uploads\/2020\/08\/3-283x705.png 283w\" sizes=\"(max-width: 307px) 100vw, 307px\" \/><\/a><\/p>\n<p><a href=\"https:\/\/renegraeber.de\/blog\/wp-content\/uploads\/2020\/08\/2.png\">\u00a0 <img decoding=\"async\" class=\"wp-image-2276 size-full aligncenter\" src=\"https:\/\/renegraeber.de\/blog\/wp-content\/uploads\/2020\/08\/2.png\" alt=\"\" width=\"1000\" height=\"500\" srcset=\"https:\/\/renegraeber.de\/blog\/wp-content\/uploads\/2020\/08\/2.png 1000w, https:\/\/renegraeber.de\/blog\/wp-content\/uploads\/2020\/08\/2-300x150.png 300w, https:\/\/renegraeber.de\/blog\/wp-content\/uploads\/2020\/08\/2-768x384.png 768w, https:\/\/renegraeber.de\/blog\/wp-content\/uploads\/2020\/08\/2-705x353.png 705w\" sizes=\"(max-width: 1000px) 100vw, 1000px\" \/><\/a><\/p>\n<p>Auch aus dieser Darstellung ist deutlich ersichtlich, dass die ersten zw\u00f6lf Wochen in Schweden keine Auff\u00e4lligkeiten zeigen konnten. Erst mit der 13. Woche (23. M\u00e4rz 2020) zeigten sich die ersten deutlich erh\u00f6hten Mortalit\u00e4tszahlen, die in der 15. und 16. Woche ihren H\u00f6hepunkt erreichten (6. April 2020 bis 19. April 2020).<\/p>\n<p>Wie aus der weiter oben gezeigten Grafik zu den Lockdown-Ma\u00dfnahmen ersichtlich, wurde in Schweden am 16. M\u00e4rz die Abstandsregel propagiert. Das war der Beginn der 12. Woche.<\/p>\n<p>Aus der beigef\u00fcgten Grafik ist deutlich ersichtlich, dass mit der 12. Woche der Anstieg der Mortalit\u00e4tsrate begann. Hei\u00dft das jetzt, dass die Ma\u00dfnahme diesen Anstieg verursacht hat? Ich halte das f\u00fcr eher unwahrscheinlich. Viel wahrscheinlicher ist die Annahme, dass die Ma\u00dfnahme praktisch keinen Einfluss auf die Mortalit\u00e4tsrate hatte, also wirkungslos = \u00fcberfl\u00fcssig zu sein scheint.<\/p>\n<p>Mit der 17. Woche nimmt die Mortalit\u00e4t (genauer gesagt \u00dcbersterblichkeit) deutlich ab und ist in der 22. Woche fast wieder auf dem Normalniveau der vorausgegangenen Jahre. Die 29. und 30. Woche zeigen sogar eine deutliche Untersterblichkeit. Man mag hier einwenden, dass die angegebenen Zahlen noch unter Vorbehalt und \u201eohne Gew\u00e4hr\u201c zu genie\u00dfen sind, besonders in Bezug auf die letzten Wochen. Von daher ist es interessant zu beobachten, ob der sich bislang beobachtete Trend in Richtung Untersterblichkeit in der nahen Zukunft best\u00e4tigen wird.<\/p>\n<p>Aus einer anderen Tabelle der schwedischen Statistik geht hervor, dass auch in Schweden die \u00e4lteren Jahrg\u00e4ngen (65 Jahre und \u00e4lter) eine deutlich h\u00f6here Mortalit\u00e4tsrate aufwiesen als J\u00fcngeren.<\/p>\n<p>So starben in den Wochen 1-30 (von 2020)<\/p>\n<p><strong>M\u00e4nner:<\/strong><\/p>\n<p>3449 in der Altersgruppe unter 65 Jahren;<\/p>\n<p>9312 zwischen 65-79 Jahren;<\/p>\n<p>10.019 zwischen 80-89 Jahren;<\/p>\n<p>4971 bei 90 Jahre und dar\u00fcber.<\/p>\n<p>Das ergibt eine Summe von 24.302 Todesf\u00e4llen in den Jahren \u00fcber 65.<\/p>\n<p>&nbsp;<\/p>\n<p><strong>Frauen:<\/strong><\/p>\n<p>2156 unter 65 Jahre;<\/p>\n<p>6665 zwischen 65-79;<\/p>\n<p>9987 zwischen 80-89;<\/p>\n<p>9206 bei 90 Jahre und dar\u00fcber.<\/p>\n<p>Die Summe der Todesf\u00e4lle f\u00fcr die Jahre 65 und \u00e4lter bei den Frauen: 25.858<\/p>\n<p>Ein Vergleich der verschiedenen Jahrg\u00e4nge von M\u00e4nner und Frauen mit den Jahren zuvor zeigt, dass in den ersten 30 Wochen von 2020 bei den M\u00e4nnern unter 65 Jahren weniger Tote zu verzeichnen waren als in den Jahren zuvor. Das Gleiche gilt auch bei den Frauen.<\/p>\n<p>Die erh\u00f6hte Mortalit\u00e4t beziehungsweise \u00dcbersterblichkeit war nur bei M\u00e4nnern und Frauen im Alter von \u00fcber 65 Jahren zu beobachten.<\/p>\n<p>(Tab. 7 der offiziellen schwedischen Ver\u00f6ffentlichung).<\/p>\n<p>Mein Fazit zu diesen Zahlen ist, dass auch in Schweden keine \u201ePandemie\u201c stattgefunden hat. Warum? Weil auch hier die typische Beobachtung vorliegt, dass erst im M\u00e4rz eine \u00dcbersterblichkeit zu beobachten war, die mit absteigender Tendenz rund zwei Monate andauerte. Auch hier stellt sich wieder die Frage, warum die \u00dcbersterblichkeit nicht bereits zu Beginn der \u201ePandemie\u201c, also im Januar, einsetzte? Oder k\u00f6nnte es vielleicht doch sein, dass selbst so unscheinbare Ma\u00dfnahmen, wie die Abstandsregeln alleine, bereits einen Einfluss aus\u00fcben k\u00f6nnen, so paradox es auch erscheinen mag?<\/p>\n<p>Eine weitere Frage w\u00e4re, warum diese \u201ePandemie\u201c die unter 65-j\u00e4hrigen zu verschonen scheint und nur bei den \u00e4lteren Jahrg\u00e4ngen zuschl\u00e4gt?<\/p>\n<p><strong>\u00dcbrigens: Wenn Sie solche Informationen interessieren, dann fordern Sie unbedingt meinen kostenlosen Praxis-Newsletter &#8222;Unabh\u00e4ngig. Nat\u00fcrlich. Klare Kante.&#8220; dazu an:<\/strong><br \/>\n<script type=\"text\/javascript\" src=\"https:\/\/rene-graeber.de\/view_webform_v2.js?u=v9&#038;webforms_id=pL1KE\"><\/script><\/p>\n<h2>Philippinen<\/h2>\n<p>Ich habe einmal einen \u201eAusflug\u201c in ein fernes Land unternommen, um zu sehen, welchen Einfluss Covid-19 auf ein tropisches Land hat. Auf den Philippinen gibt es sehr rigide Lockdown-Ma\u00dfnahmen, die selbst zu dem Zeitpunkt, wo ich diese Zeilen schreibe, noch durchgef\u00fchrt werden (Masken-Zwang, Abstandsregeln, verschiedene Quarant\u00e4ne-Bestimmungen und nonstop staatliche Propaganda in den Medien etc.).<\/p>\n<p>Aus relativ zuverl\u00e4ssigen Quellen habe ich erfahren, dass fast die gesamte Bev\u00f6lkerung hinter diesen Ma\u00dfnahmen steht und sie sogar selbstst\u00e4ndig propagiert. Grund ist eine irrationale Angst vor einer unsichtbaren Bedrohung, die gezielt von der Regierung gesch\u00fcrt wird.<\/p>\n<p>Auch in diesem Land ist die Zahl der PCR-Tests exponentiell in die H\u00f6he geschossen. Und auch in diesem Land gibt es das M\u00e4rchen der \u201evermehrten F\u00e4lle\u201c, die in keinen Bezug zu den vermehrten Tests gesetzt werden.<\/p>\n<p>Zum gegenw\u00e4rtigen Zeitpunkt liegt die Todesrate bei etwas \u00fcber 2000 Opfern f\u00fcr einen Zeitraum von sieben Monaten!<\/p>\n<p>Laut Angaben<a href=\"#_ftn9\" name=\"_ftnref9\">[9]<\/a> der PSA (Philippine Statistic Authority), dem philippinischen Amt f\u00fcr Statistik, sterben j\u00e4hrlich fast 100.000 Menschen an verschiedenen Formen von Lungenerkrankungen (Infektionen, Tuberkulose, Lungenentz\u00fcndung etc.).<\/p>\n<p><a href=\"https:\/\/renegraeber.de\/blog\/wp-content\/uploads\/2020\/08\/4.png\"><img decoding=\"async\" class=\"alignnone size-full wp-image-2277\" src=\"https:\/\/renegraeber.de\/blog\/wp-content\/uploads\/2020\/08\/4.png\" alt=\"\" width=\"1174\" height=\"943\" srcset=\"https:\/\/renegraeber.de\/blog\/wp-content\/uploads\/2020\/08\/4.png 1174w, https:\/\/renegraeber.de\/blog\/wp-content\/uploads\/2020\/08\/4-300x241.png 300w, https:\/\/renegraeber.de\/blog\/wp-content\/uploads\/2020\/08\/4-1030x827.png 1030w, https:\/\/renegraeber.de\/blog\/wp-content\/uploads\/2020\/08\/4-768x617.png 768w, https:\/\/renegraeber.de\/blog\/wp-content\/uploads\/2020\/08\/4-705x566.png 705w, https:\/\/renegraeber.de\/blog\/wp-content\/uploads\/2020\/08\/4-177x142.png 177w\" sizes=\"(max-width: 1174px) 100vw, 1174px\" \/><\/a><\/p>\n<p>Krebserkrankungen und Herzerkrankungen liegen auf den Pl\u00e4tzen 2 und 1 mit zusammen j\u00e4hrlich \u00fcber 150.000 Opfern. Diese Zahlen stammen aus dem Jahr 2018.<\/p>\n<p>Aus diesem krassen Missverh\u00e4ltnis zwischen Covid-19-Opfern und etwas \u00e4lteren Zahlen zur h\u00e4ufigsten Mortalit\u00e4t auf den Philippinen k\u00f6nnte man bereits im Voraus ableiten, dass neuere Zahlen zur Mortalit\u00e4t, unter Einbeziehung der \u201ePandemie\u201c, keinen Einfluss von Covid-19 zu erkennen geben.<\/p>\n<p>Diese neuen Zahlen gibt es sogar. Und sie sind sogar in einer besonders \u00fcbersichtlichen Art und Weise dargestellt worden. Mein Kompliment an die philippinischen Statistiker!<\/p>\n<p><a href=\"https:\/\/renegraeber.de\/blog\/wp-content\/uploads\/2020\/08\/5.png\"><img decoding=\"async\" class=\"alignnone size-full wp-image-2278\" src=\"https:\/\/renegraeber.de\/blog\/wp-content\/uploads\/2020\/08\/5.png\" alt=\"\" width=\"1019\" height=\"998\" srcset=\"https:\/\/renegraeber.de\/blog\/wp-content\/uploads\/2020\/08\/5.png 1019w, https:\/\/renegraeber.de\/blog\/wp-content\/uploads\/2020\/08\/5-300x294.png 300w, https:\/\/renegraeber.de\/blog\/wp-content\/uploads\/2020\/08\/5-768x752.png 768w, https:\/\/renegraeber.de\/blog\/wp-content\/uploads\/2020\/08\/5-36x36.png 36w, https:\/\/renegraeber.de\/blog\/wp-content\/uploads\/2020\/08\/5-705x690.png 705w\" sizes=\"(max-width: 1019px) 100vw, 1019px\" \/><\/a><\/p>\n<p>Der Vergleich der ersten sechs Monate von 2019 und 2020 ergibt ein komplett \u00fcberraschendes Bild: Trotz \u201ePandemie\u201c liegt die Gesamtmortalit\u00e4t f\u00fcr jeden der ersten sechs Monate in 2020 mehr oder weniger deutlich unter den entsprechenden Monatswerten des Vorjahres. Oder mit anderen Worten: Auf den Philippinen wird w\u00e4hrend der \u201ePandemie\u201c weniger gestorben als ohne \u201ePandemie\u201c!<\/p>\n<p>Eine Berechnung der Gesamtzahl f\u00fcr das erste Halbjahr ergibt, dass in 2019 etwas \u00fcber 309.000 Menschen gestorben sind, f\u00fcr den gleichen Zeitraum in 2020 waren es knapp 260.000. Das ergibt eine Differenz von knapp 50.000 Todesf\u00e4llen.<\/p>\n<p>Interessant ist auch, dass die im M\u00e4rz eingef\u00fchrten Quarant\u00e4ne- und Lockdown-Ma\u00dfnahmen praktisch keinen Einfluss auf die Mortalit\u00e4t gehabt zu haben scheinen.<\/p>\n<p>In der zweiten Tabelle sehen wir einen Vergleich, der im Wesentlichen dem Vergleich in den schwedischen Tabellen entspricht: Hier wird der 5-Jahresdurchschnitt von 2015-2019 mit den Zahlen von 2020 verglichen.<\/p>\n<p>Hier zeigt sich eine leicht erh\u00f6hte Mortalit\u00e4t im Januar 2020 im Vergleich zum 5-Jahresdurchschnitt. Im Februar waren die Zahlen schon wieder sehr \u00e4hnlich mit den Zahlen von 2015-2019. Danach zeigt sich eine \u201emassive\u201c Untersterblichkeit, die mit einer \u201ePandemie\u201c wohl kaum noch zu erkl\u00e4ren ist.<\/p>\n<p>Die Ursachen hierf\u00fcr sind nur schwer auszumachen. Die Zahlen sind zudem \u201evorl\u00e4ufig\u201c, obwohl es wenig Grund zu der Annahme gibt, dass sich hier entscheidende Ver\u00e4nderungen auftun werden.<\/p>\n<p>Man k\u00f6nnte die Zahlen der zweiten Tabelle vielleicht f\u00fcr sich einvernehmen und daraus einen \u201eBeweis\u201c f\u00fcr die Effektivit\u00e4t der Lockdown-Ma\u00dfnahmen schnitzen. Denn die Untersterblichkeit setzte just zu dem Zeitpunkt ein, wo der Lockdown implementiert wurde, also M\u00e4rz 2020.<\/p>\n<p>Das w\u00fcrde dann allerdings nicht mehr zur Tab. 1 passen, wo die verringerte Sterblichkeit bereits im Januar und Februar 2020 zu beobachten war.<\/p>\n<p>Mein Fazit hier lautet, dass auf den Philippinen nichts auf eine \u201ePandemie\u201c und ein \u201esuper gef\u00e4hrliches Virus\u201c hindeutet. Diese \u201ePandemie\u201c geht sogar mit einer ausgepr\u00e4gten Untersterblichkeit einher, die auf den ersten Blick paradox erscheint und f\u00fcr die es keine schl\u00fcssige Erkl\u00e4rung gibt.<\/p>\n<h2>Deutschland<\/h2>\n<p>Zur Statistik in Deutschland hatte ich bereits gegen Ende Mai einen Beitrag ver\u00f6ffentlicht: <a href=\"https:\/\/renegraeber.de\/blog\/sterbefaelle-corona-lockdown\/\">Lockdown ohne Grundlage? Widerlegen Zahlen des Statistischen Bundesamts RKI und Regierungen?<\/a><\/p>\n<p>Basis hierf\u00fcr war die Ver\u00f6ffentlichung des statistischen Bundesamtes mit einer \u201eSonderauswertung\u201c (<a href=\"https:\/\/www.destatis.de\/DE\/Themen\/Gesellschaft-Umwelt\/Bevoelkerung\/Sterbefaelle-Lebenserwartung\/sterbefallzahlen.html\" target=\"_blank\" rel=\"noopener\">Sonderauswertung zu Sterbefallzahlen des Jahres 2020<\/a>), die inzwischen erweitert wurde und auf die ich mich auch diesmal beziehe.<\/p>\n<p>Und so sehen die Zahlen f\u00fcr 2019 und 2020 f\u00fcr das erste jeweilige Halbjahr aus:<\/p>\n<table width=\"340\">\n<tbody>\n<tr>\n<td width=\"94\">Monate\/Jahr<\/td>\n<td width=\"76\">2019<\/td>\n<td width=\"73\">2020<\/td>\n<td width=\"96\">Differenz<\/p>\n<p>2019-2020<\/td>\n<\/tr>\n<tr>\n<td width=\"94\">Januar<\/td>\n<td width=\"76\">84791<\/td>\n<td width=\"73\">85342<\/td>\n<td width=\"96\"><span style=\"color: #ff0000;\">551<\/span><\/td>\n<\/tr>\n<tr>\n<td width=\"94\">Februar<\/td>\n<td width=\"76\">80824<\/td>\n<td width=\"73\">79863<\/td>\n<td width=\"96\">-961<\/td>\n<\/tr>\n<tr>\n<td width=\"94\">M\u00e4rz<\/td>\n<td width=\"76\">86493<\/td>\n<td width=\"73\">87269<\/td>\n<td width=\"96\"><span style=\"color: #ff0000;\">776<\/span><\/td>\n<\/tr>\n<tr>\n<td width=\"94\">April<\/td>\n<td width=\"76\">77157<\/td>\n<td width=\"73\">83582<\/td>\n<td width=\"96\"><span style=\"color: #ff0000;\">6425<\/span><\/td>\n<\/tr>\n<tr>\n<td width=\"94\">Mai<\/td>\n<td width=\"76\">75451<\/td>\n<td width=\"73\">75427<\/td>\n<td width=\"96\">-24<\/td>\n<\/tr>\n<tr>\n<td width=\"94\">Juni<\/td>\n<td width=\"76\">73195<\/td>\n<td width=\"73\">71367<\/td>\n<td width=\"96\">-1828<\/td>\n<\/tr>\n<tr>\n<td width=\"94\">Gesamt<\/p>\n<p>Mortalit\u00e4t<\/td>\n<td width=\"76\">477911<\/td>\n<td width=\"73\">482850<\/td>\n<td width=\"96\"><span style=\"color: #ff0000;\">4939<\/span><\/td>\n<\/tr>\n<\/tbody>\n<\/table>\n<p>Im vorausgegangenen Beitrag hatte ich nur Daten bis zu Mitte April. Und diese Daten zeigten bis zum M\u00e4rz keine dramatischen Ver\u00e4nderungen. Auch jetzt, wo die Daten wohl als vollst\u00e4ndig gelten d\u00fcrfen, gibt es f\u00fcr die ersten drei Monate keine sehr gro\u00dfen Abweichungen.<\/p>\n<p>Bei meiner letzten Auswertung zeigte sich eine negative Tendenz f\u00fcr die 1. April H\u00e4lfte. Und die zeigt sich jetzt auch in diesen neuen Zahlen, wo die \u00dcbersterblichkeit mit fast 6500 deutlich zutage tritt. F\u00fcr den Juni zeigt sich eine relativ deutliche Untersterblichkeit mit fast 2000 weniger Toten f\u00fcr diesen Monat.<\/p>\n<p>Insgesamt sind in der ersten Jahresh\u00e4lfte im Jahr 2020 knapp 5000 Personen mehr gestorben als im Vorjahr. Das sind 1,03 % mehr als in 2019. Und diese Erh\u00f6hung ist im Wesentlichen dem Monat April geschuldet, dessen Zahlen deutlich vom \u00fcblichen Trend abweichen.<\/p>\n<p>Und wann gab es den Lockdown in Deutschland? War das nicht Ende M\u00e4rz? Warum sind dann ausgerechnet im April die Zahlen so in die H\u00f6he geschossen, wenn die Lockdown-Ma\u00dfnahmen angeblich so erfolgreich gewesen sind?<\/p>\n<p>Und warum gibt es f\u00fcr den Juni eine relativ deutliche Untersterblichkeit, wenn wir doch angeblich noch \u201eam Anfang der Pandemie\u201c stehen?<\/p>\n<p><strong>Mein Fazit hier: Was Untersterblichkeit mit \u201ePandemie\u201c zu tun hat, das muss man mir erst noch einmal erkl\u00e4ren. Vielleicht kann Herr Drosten ja hier etwas Erhellendes beitragen?<\/strong><\/p>\n<p><strong>\u00dcbrigens: Wenn Sie solche Informationen interessieren, dann fordern Sie unbedingt meinen kostenlosen Praxis-Newsletter &#8222;Unabh\u00e4ngig. Nat\u00fcrlich. Klare Kante.&#8220; dazu an:<\/strong><br \/>\n<script type=\"text\/javascript\" src=\"https:\/\/rene-graeber.de\/view_webform_v2.js?u=v9&#038;webforms_id=pL1KE\"><\/script><\/p>\n<p>Quellen:<\/p>\n<ul>\n<li><a href=\"#_ftnref1\" name=\"_ftn1\">[1]<\/a><a href=\"https:\/\/gisanddata.maps.arcgis.com\/apps\/opsdashboard\/index.html#\/bda7594740fd40299423467b48e9ecf6\" target=\"_blank\" rel=\"noopener\">\u00a0\u00a0\u00a0\u00a0 Coronavirus COVID-19 (2019-nCoV)<\/a><\/li>\n<li><a href=\"#_ftnref2\" name=\"_ftn2\">[2]<\/a><a href=\"https:\/\/www.worldometers.info\/coronavirus\/\" target=\"_blank\" rel=\"noopener\">\u00a0\u00a0\u00a0\u00a0 Coronavirus Update (Live): 20,023,019 Cases and 733,976 Deaths from COVID-19 Virus Pandemic &#8211; Worldometer<\/a><\/li>\n<li><a href=\"#_ftnref3\" name=\"_ftn3\">[3]<\/a><a href=\"https:\/\/naturheilt.com\/blog\/covid-19-tests\/\" target=\"_blank\" rel=\"noopener\">\u00a0\u00a0\u00a0\u00a0 Die Corona Tests &#8211; es wird immer absurder! Man fragt sich: WAS wird hier eigentlich getestet?<\/a><\/li>\n<li><a href=\"#_ftnref4\" name=\"_ftn4\">[4]<\/a><a href=\"https:\/\/corona-ausschuss.de\/sitzung8\/\" target=\"_blank\" rel=\"noopener\">\u00a0\u00a0\u00a0\u00a0 Sitzung8 &#8211; corona-ausschuss.de<\/a><\/li>\n<li><a href=\"#_ftnref5\" name=\"_ftn5\">[5]<\/a><a href=\"https:\/\/web.facebook.com\/drpampopper\/?_rdc=1&amp;_rdr\" target=\"_blank\" rel=\"noopener\">\u00a0\u00a0\u00a0\u00a0 Dr. Pam Popper &#8211; Home | Facebook<\/a><\/li>\n<li><a href=\"#_ftnref6\" name=\"_ftn6\">[6]<\/a><a href=\"https:\/\/data.cdc.gov\/NCHS\/Weekly-Counts-of-Deaths-by-State-and-Select-Causes\/muzy-jte6\/data\" target=\"_blank\" rel=\"noopener\">\u00a0\u00a0\u00a0\u00a0 Weekly Counts of Deaths by State and Select Causes, 2019-2020 | Data | Centers for Disease Control and Prevention<\/a><\/li>\n<li><a href=\"#_ftnref7\" name=\"_ftn7\">[7]<\/a><a href=\"https:\/\/www.aerzteblatt.de\/blog\/114533\/Die-erste-Haelfte-von-2020-Uebersterblichkeit-in-den-USA\" target=\"_blank\" rel=\"noopener\">\u00a0\u00a0\u00a0\u00a0 Die erste H\u00e4lfte von 2020: \u00dcbersterblichkeit in den USA<\/a><\/li>\n<li><a href=\"#_ftnref8\" name=\"_ftn8\">[8]<\/a><a href=\"https:\/\/medium.com\/@JohnPospichal\/questions-for-lockdown-apologists-32a9bbf2e247\" target=\"_blank\" rel=\"noopener\">\u00a0\u00a0\u00a0\u00a0 Questions for lockdown apologists | by John Pospichal | Medium<\/a><\/li>\n<li><a href=\"#_ftnref9\" name=\"_ftn9\">[9]<\/a><a href=\"https:\/\/psa.gov.ph\/content\/philippine-death-statistics-preliminary-january-2019-june-2020\" target=\"_blank\" rel=\"noopener\">\u00a0\u00a0\u00a0\u00a0 https:\/\/psa.gov.ph\/content\/philippine-death-statistics-preliminary-january-2019-june-2020<\/a><\/li>\n<\/ul>\n","protected":false},"excerpt":{"rendered":"<p>Die erste H\u00e4lfte des Jahres 2020 ist vorbei. Heute, Mitte August 2020, k\u00f6nnte man es vielleicht wagen, einmal einen Blick auf die Mortalit\u00e4tszahlen der ersten Jahresh\u00e4lfte zu werfen. Inzwischen sollten auch die meisten Daten f\u00fcr bis einschlie\u00dflich Juni von den offiziellen Stellen erfasst worden sein. Damit will ich sagen, dass in den letzten sechs Wochen [&hellip;]<\/p>\n","protected":false},"author":1,"featured_media":2274,"comment_status":"open","ping_status":"open","sticky":false,"template":"","format":"standard","meta":{"footnotes":""},"categories":[32],"tags":[3,135,28,138,139,140,141],"class_list":["post-2273","post","type-post","status-publish","format-standard","has-post-thumbnail","hentry","category-allgemein","tag-corona","tag-covid-19","tag-deutschland","tag-philippinen","tag-schweden","tag-sterblichkeit","tag-usa"],"_links":{"self":[{"href":"https:\/\/renegraeber.de\/blog\/wp-json\/wp\/v2\/posts\/2273","targetHints":{"allow":["GET"]}}],"collection":[{"href":"https:\/\/renegraeber.de\/blog\/wp-json\/wp\/v2\/posts"}],"about":[{"href":"https:\/\/renegraeber.de\/blog\/wp-json\/wp\/v2\/types\/post"}],"author":[{"embeddable":true,"href":"https:\/\/renegraeber.de\/blog\/wp-json\/wp\/v2\/users\/1"}],"replies":[{"embeddable":true,"href":"https:\/\/renegraeber.de\/blog\/wp-json\/wp\/v2\/comments?post=2273"}],"version-history":[{"count":0,"href":"https:\/\/renegraeber.de\/blog\/wp-json\/wp\/v2\/posts\/2273\/revisions"}],"wp:featuredmedia":[{"embeddable":true,"href":"https:\/\/renegraeber.de\/blog\/wp-json\/wp\/v2\/media\/2274"}],"wp:attachment":[{"href":"https:\/\/renegraeber.de\/blog\/wp-json\/wp\/v2\/media?parent=2273"}],"wp:term":[{"taxonomy":"category","embeddable":true,"href":"https:\/\/renegraeber.de\/blog\/wp-json\/wp\/v2\/categories?post=2273"},{"taxonomy":"post_tag","embeddable":true,"href":"https:\/\/renegraeber.de\/blog\/wp-json\/wp\/v2\/tags?post=2273"}],"curies":[{"name":"wp","href":"https:\/\/api.w.org\/{rel}","templated":true}]}}