{"id":2182,"date":"2020-11-01T06:24:49","date_gmt":"2020-11-01T05:24:49","guid":{"rendered":"https:\/\/renegraeber.de\/blog\/?p=2182"},"modified":"2020-11-01T06:24:49","modified_gmt":"2020-11-01T05:24:49","slug":"corona-app-schwindel","status":"publish","type":"post","link":"https:\/\/renegraeber.de\/blog\/corona-app-schwindel\/","title":{"rendered":"Bremer CDU fordert Gesetz: Alle m\u00fcssen die Corona-App nutzen!"},"content":{"rendered":"<p>Radio Bremen (eine Anstalt des &#8222;\u00d6ffentlichen Rechts&#8220;) meldet, dass der Fraktionschef der Bremer CDU fordert, dass die Corona App verpflichtend f\u00fcr alle B\u00fcrger sein solle. Jeder soll sich die App auf das Handy laden m\u00fcssen. Bei einer Weigerung m\u00fcsse mit einem Bu\u00dfgeld gerechnet werden. Die Begr\u00fcndung des CDU Fraktionschef: &#8222;In dieser Situation geht Gesundheit vor Datenschutz.&#8220;<\/p>\n<p>Tja&#8230; und damit h\u00e4tten wir einen weiteren Bruch der &#8222;Zusagen&#8220; und Behauptungen, dass alles freiwillig sei.<\/p>\n<p><!--more-->Tracing-, auch Tracking-Software genannt, gibt es bereits in verschiedenen Ausf\u00fchrungen<a href=\"#_ftn1\" name=\"_ftnref1\">[1]<\/a> und Variationen, allerdings eher zum privaten Einsatz.<\/p>\n<p>Jeder, der ein Google-Konto hat und dessen Handy mit GPS ausger\u00fcstet ist, bekommt am Ende jedes Monats eine Art Report, wo er \u00fcberall gewesen und bei welchen Sehensw\u00fcrdigkeiten er dabei vorbeigekommen ist. Mit anderen Worten: Tracing\/Tracking ist nicht neu.<\/p>\n<p>Im Zusammenhang mit der \u201eCorona-Pandemie\u201c hat die Politik jetzt beschlossen, dieses Tracking auf ein neues Niveau anzuheben: Man will \u00fcber eine Tracking-Software \u00fcberwachen, wer wen wann und wo getroffen hat. Sollte jemand dabei positiv auf Covid-19 getestet sein, dann w\u00e4re es m\u00f6glich, auch dessen Kontaktpersonen zu ermitteln und \u00fcber eine Quarant\u00e4ne zu isolieren.<\/p>\n<p>Man braucht hier kein Hellseher zu sein, um zu sehen, dass diese Form der \u201ePandemie-\u00dcberwachung\u201c nicht nur unverh\u00e4ltnism\u00e4\u00dfig ist. Denn laut Aussagen zahlreicher Experten im Bereich Epidemiologie und Immunologie (die nicht Drosten oder Lauterbach hei\u00dfen), ist die Gef\u00e4hrlichkeit von SARS-CoV-2 eben doch mit Influenza zu vergleichen (was Herr Drosten \u00fcbrigens auch schon tat).<\/p>\n<p>Wenn das stimmt: Warum gibt es dann eine Tracing-Software f\u00fcr Corona, aber nicht f\u00fcr Influenza? K\u00f6nnte es sein, dass diese Tracing-Software auch f\u00fcr ganz andere Zwecke als das \u201eCorona-Monitoring\u201c gedacht ist?<\/p>\n<p>Ein Beitrag von \u201eTechnologie-Review\u201c<a href=\"#_ftn2\" name=\"_ftnref2\">[2]<\/a> spricht von einer \u201eFlut von Coronavirus-Software, die uns im Auge behalten. Jetzt w\u00e4re es an der Zeit, selbige im Auge zu behalten\u201c.<\/p>\n<p>Am Beispiel China zeigt dieser Beitrag, dass mit solchen Anwendungen die totale \u00dcberwachung m\u00f6glich ist. In China ermitteln diese Anwendungen Daten, die in den Pers\u00f6nlichkeitsbereich gehen, wie zum Beispiel die Identit\u00e4t des Handy-Besitzers, \u00d6rtlichkeit und Verweildauer und sogar Online-Transaktionen\/Zahlungen, inklusive Liste und Verlauf von Transaktionen, so dass die \u00f6rtliche Polizei die ausfindig machen kann, die gegen die Quarant\u00e4neauflagen versto\u00dfen.<\/p>\n<p>Heute ist die Quarant\u00e4ne aufgrund einer SARS-CoV-2-Infektionen das Argument f\u00fcr die Installation solcher Software. Aber was ist, wenn die Pandemie vorbei ist und keine Quarant\u00e4ne mehr stattfindet?<\/p>\n<p>Kann man dann eine solche Software deinstallieren oder ist sie inzwischen schon integraler Bestandteil der Handy-Betriebssysteme geworden? Die Schnittstelle f\u00fcr die Corona-Tracing-Software ist ja bereits auf Android per Update installiert worden, ohne dass die Besitzer hierzu gefragt worden w\u00e4ren.<\/p>\n<p><strong>\u00dcbrigens: Wenn Sie solche Informationen interessieren, dann fordern Sie unbedingt meinen kostenlosen Praxis-Newsletter &#8222;Unabh\u00e4ngig. Nat\u00fcrlich. Klare Kante.&#8220; dazu an:<\/strong><br \/>\n<script type=\"text\/javascript\" src=\"https:\/\/rene-graeber.de\/view_webform_v2.js?u=v9&#038;webforms_id=pL1KE\"><\/script><\/p>\n<p>Der Schwindel mit der Freiwilligkeit<\/p>\n<p>Es soll ja angeblich keine Impfpflicht f\u00fcr die neue \u201eCorona-Impfung\u201c geben, falls die Impfung bereitgestellt wird. Was es aber geben soll, das ist die Erpressung des Staates, dass diejenigen, die sich nicht impfen lassen, f\u00fcr den Rest ihres Lebens in Quarant\u00e4ne bleiben m\u00fcssen? Oder sonst wie benachteiligt werden? Ohne \u201eImmunit\u00e4tsnachweis\u201c nicht mehr reisen k\u00f6nnen?<\/p>\n<p>Das gleiche Spiel jetzt auch bei der Tracing-Software. In einer Video-Kolumne der \u201eS\u00fcddeutschen Zeitung\u201c<a href=\"#_ftn3\" name=\"_ftnref3\">[3]<\/a> \u00e4u\u00dfert sich ein Professor f\u00fcr Rechtswissenschaft, Heribert Prantl, der lange Jahre Leiter des Ressorts Innenpolitik<a href=\"#_ftn4\" name=\"_ftnref4\">[4]<\/a> bei der SZ war.<\/p>\n<p>Bereits die ersten beiden S\u00e4tze seines Kommentars sind Dynamit. Er sagt, dass die Bundesregierung bald mit einer Tracing-Software aufwartet, ohne dabei aber eine entsprechende gesetzliche Grundlage vorzusehen, die den Einsatz dieser Software reguliert, begrenzt oder in irgendeiner Form definiert.<\/p>\n<p><strong>Wie nicht anders zu erwarten scheint die Bundesregierung keine Bedenken gegen\u00fcber datenschutzrechtlichen Ma\u00dfnahmen zu haben, wie sie auch anscheinend keine Bedenken gegen\u00fcber den damit heraufbeschworenen \u00c4ngsten und Bef\u00fcrchtungen bei der Bev\u00f6lkerung hat.<\/strong><\/p>\n<p>Wir sehen dies ja bereits bei der \u201ewissenschaftlichen\u201c Erl\u00e4uterung des angeblichen Pandemie-Verlaufs, wo die offizielle Gesundheitspolitik auch ihre eigene \u201eWissenschaft\u201c produziert und die Meinung von anerkannten Experten komplett ignoriert.<\/p>\n<p>Professor Prantl fordert ein Gesetz, das den Missbrauch solcher Software minimiert, wenn nicht verhindert und vor allem die \u00c4ngste, die mit einem solchen m\u00f6glichen Missbrauch einhergehen, verringert. Warum will die Bundesregierung keine solche gesetzliche Regulierung?<\/p>\n<p>Begr\u00fcndung: Weil die Installation einer solchen Software angeblich vollkommen freiwillig sei! Schon wieder eine freiwillige Ma\u00dfnahme mit Pferdefu\u00df?<\/p>\n<h2>\u201eFreiwilligkeit\u201c als Heuchelei und Irref\u00fchrung<\/h2>\n<p>Professor Prantl sieht diese Art der \u201eFreiwilligkeit\u201c als Heuchelei und Irref\u00fchrung an. Warum? Es f\u00e4ngt damit an, dass gro\u00dfer sozialer Druck aufgebaut wird, dass jeder diese Software installieren sollte. Laut Aussagen von Jens Spahn kann diese Software nur funktionieren, wenn 60 % der Bev\u00f6lkerung das Ding auch installiert haben. Das h\u00f6rt sich fast nach einer \u201eHerdenimmunit\u00e4t\u201c f\u00fcr Beobachtungs-Software an.<\/p>\n<p>Wird dies der Fall sein, dass sich 50 Millionen Bundesb\u00fcrger so etwas freiwillig auf ihr Handy installieren? Wer von diesen Leuten k\u00f6nnte ein Interesse f\u00fcr sich haben, dass er sich vom Staat \u00fcberwachen l\u00e4sst? Ich kann mir nicht vorstellen, dass es ein besonders prickelndes Gef\u00fchl ist, dass ich wei\u00df, dass der Staat wei\u00df, wann ich was wo bei wem gemacht habe.<\/p>\n<p>Damit besteht zu mindestens die realistische M\u00f6glichkeit, dass viel zu wenig Bundesb\u00fcrger diese Anwendung installieren. <strong>Und unter dieser Voraussetzung sagt jetzt schon die CDU\/CSU Fraktion, dass dann \u00fcber eine \u201eApp-Pflicht\u201c nachgedacht werden m\u00fcsse.<\/strong><\/p>\n<p>Aha! So ist das also. Ich f\u00fcrchte das Nachdenken hat schon stattgefunden. Und das Ergebnis des Nachdenkens steht ebenfalls bereits fest: Wenn die Freiwilligkeit nicht gegeben ist, dann beginnt der Zwang. Nach Zwangs-Impfung eine Zwangs-\u00dcberwachung. Man k\u00f6nnte glatt meinen, man lebe in der totgeglaubten DDR&#8230;<\/p>\n<p>Auch hier wieder das System, dass bei den Corona-Impfungen zur Anwendung kommen soll: Nur derjenige, der die \u00dcberwachungssoftware installiert hat, darf sich so bewegen, wie gewohnt vor einem halben Jahr. Nur so wird es m\u00f6glich sein, dass die B\u00fcrger ganz normalen t\u00e4glichen T\u00e4tigkeiten und Vergn\u00fcgen nachgehen k\u00f6nnen. Sch\u00f6ne neue Welt!<\/p>\n<p>Eine \u00dcberwachungssoftware als eine Art Zugangsvoraussetzungen f\u00fcr ein ganz normales Leben, wie wir es bislang kannten? Wie krank ist dieses System?<\/p>\n<p>Professor Prantl fordert deshalb ein Begleitgesetz, das die<\/p>\n<p style=\"padding-left: 40px;\">\u201e<em>Zweckentfremdung der App durch staatliche Stellen oder durch Dritte so gut es geht verhindert. Das Begleitgesetz muss daf\u00fcr sorgen, dass der Einsatz der App strikt auf die Dauer der Pandemie beschr\u00e4nkt bleibt und nicht sp\u00e4ter f\u00fcr allgemeine Sicherheitszwecke genutzt wird<\/em>\u201c.<\/p>\n<p>Im Wesentlichen stimme ich diesen Forderungen von Professor Prantl zu, nicht zuletzt, weil dieser sich der Gefahren dieser \u00dcberwachungssoftware sehr wohl bewusst zu sein scheint. Wenn da nicht folgendes w\u00e4re \u2026 Wieso eine \u00dcberwachungs-App f\u00fcr etwas, was \u00e4hnlich gef\u00e4hrlich oder ungef\u00e4hrlich ist wie ein Grippevirus. Wie w\u00e4re es mit Verzicht auf diese Software, dann braucht es auch kein Begleitgesetz.<\/p>\n<p>Die Tatsache, dass es eine solche Software nicht auch schon fr\u00fcher f\u00fcr Grippeepidemien gegeben hat, l\u00e4sst den Verdacht aufkeimen, dass es hier weder um Corona- oder Grippeviren geht, sondern diese \u00dcberwachungssoftware ganz andere Ziele verfolgt. Auch der Verzicht auf eine gesetzliche Regulierung in Form eines Begleitgesetzes spricht f\u00fcr diese Vermutung.<\/p>\n<p>K\u00f6nnte es sein, dass man mit so einer App Impfgegner oder Impfverweigerer schneller dingfest machen kann? Welche M\u00f6glichkeiten gibt es noch, diese Software zu nutzen, wenn die Impfung da ist und dann ja die Pandemie angeblich vorbei sein soll?<\/p>\n<h2>Klar, alles Verschw\u00f6rungstheorien. Oder: Wo ist mein Alu-Hut?<\/h2>\n<p>Wie konsequent die Regierung die Durchsetzung dieser Ma\u00dfnahme geplant hat, wird klar, wenn Professor Prantl in seiner Videokolumne sagt, dass die Regierung zudem mit einem neuen Lockdown droht, falls die 60 %-Quote nicht erreicht wird.<\/p>\n<p>Toll! Nicht nur jeder einzelne B\u00fcrger, der sich weigert, die App zu installieren, wird vom \u00f6ffentlichen Leben ausgeschlossen und gefangen gehalten. Man scheint sich bei der Regierung nicht sicher zu sein, ob das allein wirklich wirkt. Stattdessen will man eine Art \u201eSippenhaft\u201c zur Anwendung bringen, bei der jeder jeden, der die App nicht installiert hat, als Ursache f\u00fcr einen neuen Lockdown identifizieren und beschuldigen wird.<\/p>\n<p><strong>Erneute Hochkonjunktur f\u00fcr Blockwarte und Denunzianten.<\/strong><\/p>\n<p>Professor Prantl bezeichnet diese Vorgehensweise als N\u00f6tigung. Und er sagt, dass N\u00f6tigung strafbar sei &#8211; auch in Corona-Zeiten.<\/p>\n<p><strong>\u00dcbrigens: Wenn Sie solche Informationen interessieren, dann fordern Sie unbedingt meinen kostenlosen Praxis-Newsletter &#8222;Unabh\u00e4ngig. Nat\u00fcrlich. Klare Kante.&#8220; dazu an:<\/strong><br \/>\n<script type=\"text\/javascript\" src=\"https:\/\/rene-graeber.de\/view_webform_v2.js?u=v9&#038;webforms_id=pL1KE\"><\/script><\/p>\n<h3>Fazit<\/h3>\n<p>Die Tracing-App soll genau so eingef\u00fchrt werden wie die Corona-Impfung &#8211; \u00fcber erpresserische Ma\u00dfnahmen, N\u00f6tigung und Psychoterror seitens des Staates.<\/p>\n<p>Die Regierung hat damit zum Ausdruck gebracht, dass sie schon lange eine andere Agenda verfolgt als die, von der Gesunderhaltung und Gesundheitspr\u00e4vention der Bev\u00f6lkerung. Denn w\u00e4re dem so, dann g\u00e4be es keinen Lockdown, der bereits angefangen hat zu zeigen, dass er mehr Sch\u00e4den verursacht und Leben kostet als das angebliche SARS-CoV-2-&#8222;Killervirus&#8220;.<\/p>\n<p>Zum Lockdown als Stufe 1 des beh\u00f6rdlichen Masterplans f\u00fcr diese fragw\u00fcrdige Pandemie, der jetzt Stufe 2 und dann Stufe 3 (\u00dcberwachung-App und neue Impfung) folgen, gibt es von mir folgende Beitr\u00e4ge:<\/p>\n<ul>\n<li><a href=\"https:\/\/www.renegraeber.de\/corona-covid-19.html\">Corona &#8211; Fakten und Berichte zu COVID-19 und den Ma\u00dfnahmen 2020<\/a><\/li>\n<li><a href=\"https:\/\/renegraeber.de\/blog\/corona-israel-studie\/\">Corona &#8211; Der gro\u00dfe Lockdown-Bluff? Interessante Studien aus Israel<\/a><\/li>\n<li><a href=\"https:\/\/renegraeber.de\/blog\/sterbefaelle-corona-lockdown\/\">Lockdown ohne Grundlage? Widerlegen Zahlen des Statistischen Bundesamts RKI und Regierungen?<\/a><\/li>\n<li><a href=\"https:\/\/renegraeber.de\/blog\/lockdown-rettete-keine-leben\/\">Nobelpreistr\u00e4ger: Lockdown rettete keine Leben, im Gegenteil&#8230;<\/a><\/li>\n<\/ul>\n<p><strong>\u00dcbrigens: Wenn Sie solche Informationen interessieren, dann fordern Sie unbedingt meinen Praxis-Newsletter mit den &#8222;5 Wundermitteln&#8220; an:<\/strong><br \/>\n<script type=\"text\/javascript\" src=\"https:\/\/rene-graeber.de\/view_webform_v2.js?u=v9&#038;webforms_id=pD2TS\"><\/script><\/p>\n<p>Kleine Anmerkung: Die Sache mit den &#8222;5 Wundermitteln&#8220; ist mit Abstand der beliebteste Newsletter, den meine Patienten gerne lesen&#8230;<\/p>\n<p><strong>Quellen:<\/strong><\/p>\n<ul>\n<li><a href=\"#_ftnref1\" name=\"_ftn1\">[1]<\/a><a href=\"https:\/\/celltrackingapps.com\/\" target=\"_blank\" rel=\"noopener\">\u00a0\u00a0\u00a0\u00a0 11 Best Phone Tracker Apps to Monitor any Cell Phone [2020]<\/a><\/li>\n<li><a href=\"#_ftnref2\" name=\"_ftn2\">[2]<\/a><a href=\"https:\/\/www.technologyreview.com\/2020\/05\/07\/1000961\/launching-mittr-covid-tracing-tracker\/\" target=\"_blank\" rel=\"noopener\">\u00a0\u00a0\u00a0\u00a0 A flood of coronavirus apps are tracking us. Now it\u2019s time to keep track of them. | MIT Technology Review<\/a><\/li>\n<li><a href=\"#_ftnref3\" name=\"_ftn3\">[3]<\/a><a href=\"https:\/\/www.sueddeutsche.de\/politik\/tracing-app-corona-1.4932256\" target=\"_blank\" rel=\"noopener\">\u00a0\u00a0\u00a0\u00a0 Tracing-App &#8211; Der Freiwilligkeits-Schwindel &#8211; Politik &#8211; SZ.de<\/a><\/li>\n<li><a href=\"#_ftnref4\" name=\"_ftn4\">[4]<\/a><a href=\"https:\/\/www.sueddeutsche.de\/autoren\/heribert-prantl-1.1148378\" target=\"_blank\" rel=\"noopener\">\u00a0\u00a0\u00a0\u00a0 Prof. Dr. Heribert Prantl \u2014 Autorenseite \u2014 S\u00fcddeutsche Zeitung<\/a><\/li>\n<\/ul>\n<p>Der Beitrag wurde am 19.6.20 erstellt und am 1.11.20 aktualisiert.<\/p>\n","protected":false},"excerpt":{"rendered":"<p>Radio Bremen (eine Anstalt des &#8222;\u00d6ffentlichen Rechts&#8220;) meldet, dass der Fraktionschef der Bremer CDU fordert, dass die Corona App verpflichtend f\u00fcr alle B\u00fcrger sein solle. Jeder soll sich die App auf das Handy laden m\u00fcssen. Bei einer Weigerung m\u00fcsse mit einem Bu\u00dfgeld gerechnet werden. Die Begr\u00fcndung des CDU Fraktionschef: &#8222;In dieser Situation geht Gesundheit vor [&hellip;]<\/p>\n","protected":false},"author":1,"featured_media":2183,"comment_status":"open","ping_status":"open","sticky":false,"template":"","format":"standard","meta":{"footnotes":""},"categories":[32],"tags":[3,11],"class_list":["post-2182","post","type-post","status-publish","format-standard","has-post-thumbnail","hentry","category-allgemein","tag-corona","tag-politik"],"_links":{"self":[{"href":"https:\/\/renegraeber.de\/blog\/wp-json\/wp\/v2\/posts\/2182","targetHints":{"allow":["GET"]}}],"collection":[{"href":"https:\/\/renegraeber.de\/blog\/wp-json\/wp\/v2\/posts"}],"about":[{"href":"https:\/\/renegraeber.de\/blog\/wp-json\/wp\/v2\/types\/post"}],"author":[{"embeddable":true,"href":"https:\/\/renegraeber.de\/blog\/wp-json\/wp\/v2\/users\/1"}],"replies":[{"embeddable":true,"href":"https:\/\/renegraeber.de\/blog\/wp-json\/wp\/v2\/comments?post=2182"}],"version-history":[{"count":0,"href":"https:\/\/renegraeber.de\/blog\/wp-json\/wp\/v2\/posts\/2182\/revisions"}],"wp:featuredmedia":[{"embeddable":true,"href":"https:\/\/renegraeber.de\/blog\/wp-json\/wp\/v2\/media\/2183"}],"wp:attachment":[{"href":"https:\/\/renegraeber.de\/blog\/wp-json\/wp\/v2\/media?parent=2182"}],"wp:term":[{"taxonomy":"category","embeddable":true,"href":"https:\/\/renegraeber.de\/blog\/wp-json\/wp\/v2\/categories?post=2182"},{"taxonomy":"post_tag","embeddable":true,"href":"https:\/\/renegraeber.de\/blog\/wp-json\/wp\/v2\/tags?post=2182"}],"curies":[{"name":"wp","href":"https:\/\/api.w.org\/{rel}","templated":true}]}}