{"id":1833,"date":"2019-07-22T10:46:23","date_gmt":"2019-07-22T09:46:23","guid":{"rendered":"https:\/\/renegraeber.de\/blog\/?p=1833"},"modified":"2026-04-10T16:14:57","modified_gmt":"2026-04-10T16:14:57","slug":"masern-impfpflicht-aerzte-ueben-kritik","status":"publish","type":"post","link":"https:\/\/renegraeber.de\/blog\/masern-impfpflicht-aerzte-ueben-kritik\/","title":{"rendered":"Masern-Impfpflicht &#8211; \u00c4rzte \u00fcben massive Kritik an &#8222;Spahns Gesetz&#8220;"},"content":{"rendered":"<p>Die Masernimpfung und die Impfpflicht sind gegenw\u00e4rtig ein Gespr\u00e4chsstoff ohne Ende.<\/p>\n<p>Grund daf\u00fcr sind schon lange keine wissenschaftlichen Dispute mehr wie zum Beispiel \u00fcber Sinn oder Unsinn, Sicherheit oder Effektivit\u00e4t etc. dieser Impfung im Speziellen und Impfungen im Allgemeinen.<\/p>\n<p>Heute diskutiert man nur noch \u00fcber das Wie und Wann einer Impfpflicht gegen Masern. Denn die Leute, die dar\u00fcber entscheiden, sind keine wissenschaftlich oder medizinisch qualifizierten Experten, sondern Politiker, die auf angebliche \u201eExperten\u201c h\u00f6ren, die ihnen das erz\u00e4hlen, was sie selbst anscheinend f\u00fcr &#8222;richtig&#8220; halten. Und was hier \u201erichtig\u201c ist, dass bestimmen andere Faktoren und Notwendigkeiten.<\/p>\n<p><!--more--><\/p>\n<h2>Verdrehte Wahrheiten<\/h2>\n<p>In meinem Beitrag \u201e<a href=\"https:\/\/www.yamedo.de\/blog\/masern-infektionen-jens-spahn\/\" target=\"_blank\" rel=\"noopener\">Masern-Infektionen: Die verdrehte Wahrheit des Ministers Jens Spahn<\/a>\u201c habe ich zeigen k\u00f6nnen, dass die Notwendigkeit einer Impfpflicht auf \u00f6konomischen Interessen beruht und nicht auf medizinischen oder gar wissenschaftlichen.<\/p>\n<p>Anscheinend scheinen die Masern eine besonders tolle Infektion zu sein, mit denen man den Prozess der Einf\u00fchrung einer generalisierten Impfpflicht schon mal beginnen kann: <a href=\"https:\/\/www.renegraeber.de\/masern-impfpflicht.html\">Die Masern und die Impfpflicht<\/a>.<\/p>\n<p>Wenn es dann so weit ist beziehungsweise sein sollte, dann hat die Politik ihre B\u00fcrger da, wo sie sie haben will: <a href=\"https:\/\/www.naturheilt.com\/Inhalt\/Impfen.htm\" target=\"_blank\" rel=\"noopener\">Impfen oder der Verlust der Eigenverantwortlichkeit<\/a>.<\/p>\n<p>Genau deshalb braucht die Politik (im Schulterschluss mit der Industrie) die <a href=\"https:\/\/naturheilt.com\/blog\/freie-fahrt-fuer-die-impfpflicht\/\" target=\"_blank\" rel=\"noopener\">Freie Fahrt f\u00fcr die Impfpflicht<\/a>.<\/p>\n<p><strong>\u00dcbrigens: Wenn Sie solche Informationen interessieren, dann fordern Sie unbedingt meinen kostenlosen Praxis-Newsletter dazu an:<\/strong><br \/>\n<script type=\"text\/javascript\" src=\"https:\/\/rene-graeber.de\/view_webform_v2.js?u=v9&#038;webforms_id=pDDkW\"><\/script><\/p>\n<h2>Zweifel ohne Ende<\/h2>\n<p>Wer gesundheitliche Aspekte unter \u00f6konomischen Aspekten betrachtet, der versucht \u00d6l und Wasser miteinander zu verbinden oder die Quadratur des Kreises zu verwirklichen, was offensichtlicher Grund zu ernsthaften Zweifeln sein sollte.<\/p>\n<p>Basis hierf\u00fcr ist die Tatsache, dass die Gesundheit beziehungsweise Erkrankungen der Menschen zu einem Gesch\u00e4ftsmodell gemacht werden, mit dem sich Milliardenbetr\u00e4ge verdienen lassen. Und die Einf\u00fchrung der Impfpflicht ist so ein Beitrag zur Umsatzsteigerung der Industrie. Selbstverst\u00e4ndlich m\u00fcssen alle Zweifel ignoriert werden, da sie nur Sand im \u00f6konomischen Getriebe sind:<\/p>\n<ul>\n<li><a href=\"https:\/\/naturheilt.com\/blog\/masern-impfung-2015\/\" target=\"_blank\" rel=\"noopener\">Masern-Impfung (MMR) &#8211; Zweifel ohne Ende<\/a><\/li>\n<li><a href=\"https:\/\/naturheilt.com\/blog\/masern-masernimpfung-2015\/\" target=\"_blank\" rel=\"noopener\">Masern, Masernimpfung und noch mehr Zweifel<\/a><\/li>\n<\/ul>\n<p>Einen umfassenden \u00dcberblick zu Impfungen und deren Sinn und Fragw\u00fcrdigkeit habe ich versucht in meinem Report \u201e<a href=\"https:\/\/www.rene-graeber-buecher.de\/die-impf-debatte.html\" target=\"_blank\" rel=\"noopener\">Impf-Epidemie &#8211; Fragw\u00fcrdige Impfungen, Impfungen ausleiten und mehr<\/a>\u201c darzustellen und zu diskutieren:<\/p>\n<p><a href=\"https:\/\/www.rene-graeber-buecher.de\/die-impf-debatte.html\" target=\"_blank\" rel=\"noopener\"><img decoding=\"async\" class=\"aligncenter size-full wp-image-1834\" src=\"https:\/\/renegraeber.de\/blog\/wp-content\/uploads\/2019\/07\/impfen_610px.jpg\" alt=\"Buch: Die Impf-Epidemie\" width=\"611\" height=\"282\" srcset=\"https:\/\/renegraeber.de\/blog\/wp-content\/uploads\/2019\/07\/impfen_610px.jpg 611w, https:\/\/renegraeber.de\/blog\/wp-content\/uploads\/2019\/07\/impfen_610px-300x138.jpg 300w\" sizes=\"(max-width: 611px) 100vw, 611px\" \/><\/a><\/p>\n<h2>Nebenwirkungen von Impfungen? Leugnen und Ignorieren.<\/h2>\n<p>Ein weiterer Meilenstein auf dem Weg zu Impfpflicht ist das Leugnen und \/ oder Ignorieren von Impfsch\u00e4den.<\/p>\n<p>Wenn jemand nach einer Impfung gesundheitliche Probleme bekommt, dann ist dies selbstverst\u00e4ndlich nie und nimmer auf die Impfung zur\u00fcckzuf\u00fchren, selbst wenn der zeitliche Verlauf bei jedem anderen Ereignis auf eine Kausalit\u00e4t hindeuten w\u00fcrde. Beispiel von betroffenen Eltern f\u00fcr diese These kenne ich haufenweise.<\/p>\n<p>Infolgedessen gibt es auch keine Empfehlungen, wie man Impfsch\u00e4den behandelt &#8211; was ich \u00fcbrigens in meinem oben erw\u00e4hnten Buch die Impf-Epidemie ausf\u00fchrlich beschreibe!<\/p>\n<p>Dass es doch so etwas wie Impfsch\u00e4den geben muss, das l\u00e4sst sich aus der Tatsache herleiten, dass die USA ihr VAERS-System haben, in der Nebenwirkungen und Impfsch\u00e4den erfasst werden. Von hier wissen wir auch, dass die Zahl der gemeldeten Nebenwirkungen und Todesf\u00e4lle bestenfalls gerade einmal 3-5 Prozent ausmachen.<\/p>\n<p>Optimistischere Sch\u00e4tzungen gehen von zehn Prozent aus, was aber immer noch hei\u00dft, dass auf jeden Todesfall neun nicht identifizierte Todesf\u00e4lle kommen. Das Gleiche gilt auch f\u00fcr nicht t\u00f6dliche Nebenwirkungen: <a href=\"https:\/\/naturheilt.com\/blog\/impfschaeden-urteil-eugh\/\" target=\"_blank\" rel=\"noopener\">Impfsch\u00e4den neu beurteilt &#8211; Das Urteil des Europ\u00e4ischen Gerichtshofes<\/a>.<\/p>\n<p>Der Gipfel und Konglomerat der Bem\u00fchungen, die Masernimpfung (und andere Impfungen) wissenschaftlich zu legitimieren, dabei Nebenwirkungen zu leugnen und die Wirksamkeit der Impfung endlich zu etablieren, war der hochoffizielle Versuch der CDC in den USA, mit einer gef\u00e4lschten Studie das Heer der Impfgegner ins Abseits zu schicken: <a href=\"https:\/\/naturheilt.com\/blog\/mmr-impfung-autismus-2014\/\" target=\"_blank\" rel=\"noopener\">MMR-Impfung und Autismus &#8211; Also doch!<\/a><\/p>\n<h3>\u00a0Die facettenreiche Impfpflicht<\/h3>\n<p>Wie es aussieht ist die angestrebte Impfpflicht nicht einfach nur eine Pflicht, der jeder gute Bundesb\u00fcrger nachzukommen hat. Vielmehr scheinen mit dieser Impfpflicht zus\u00e4tzliche Ver\u00e4nderungen auf uns zu zukommen, die selbst f\u00fcr die Schulmediziner nicht akzeptabel sind. Und daher regt sich jetzt auch Widerstand in den Reihen der Schulmedizin gegen diese Impfpflicht beziehungsweise die Bedingungen, unter denen diese Impfpflicht implementiert werden soll.<\/p>\n<p>Denn laut der \u201ePharmazeutischen-Zeitung\u201c<a href=\"#_ftn1\" name=\"_ftnref1\">[1]<\/a> k\u00f6nnte mit der Einf\u00fchrung der Impfpflicht ein logistisches Problem auftauchen, n\u00e4mlich wie man eine anzustrebende 100-prozentige Impfquote in die Praxis umsetzt. Der \u201eSpahnische\u201c Vorschlag zur L\u00f6sung des Problems lautet, dass er sich \u201eImpfungen in der Offizin durchaus vorstellen\u201c k\u00f6nnte.<\/p>\n<p>Sogar das Robert-Koch-Institut empfiehlt, dass Assistenzpersonal, also Krankenschwestern, Arzthelferinnen etc., autorisiert werden, diese Impfungen vorzunehmen.<\/p>\n<p>Und sogar Apotheker sollen berechtigt werden, in ihrer Apotheke ihre Kunden zu stechen. Dass derartige Vorschl\u00e4ge vom Robert-Koch-Institut kommen, das wundert mich nicht besonders, wenn man sich einmal diesen Beitrag anschaut: <a href=\"https:\/\/www.naturheilt.com\/medikamentenskandal\/verflechtungen-bei-der-staendigen-impfkommission.html\" target=\"_blank\" rel=\"noopener\">Fragw\u00fcrdige Verflechtungen bei der St\u00e4ndigen Impfkommission (STIKO)<\/a> .<\/p>\n<p>Selbstverst\u00e4ndlich sehen die Schulmediziner hier eine Beschneidung ihrer Kompetenzen. Und wenn so etwas in Gefahr ist, dann besinnt man sich auf einmal darauf, dass das \u00fcbliche Tagesgesch\u00e4ft kein Gesch\u00e4ft ist beziehungsweise sein sollte.<\/p>\n<p>So kritisiert ein Pr\u00e4sident von einer Landes\u00e4rztekammer mit der bemerkenswerten Erkenntnis dieses Vorhaben, dass \u201eImpfen kein Gesch\u00e4ft\u201c sei. Und damit gibt dieser Pr\u00e4sident unumwunden zu, dass es halt doch ein Gesch\u00e4ft ist, bei dem die neuen Bestimmungen nur den Zweck haben, die Impfungen schneller und reibungsloser unter das Volk zu verteilen und somit den entsprechenden Einfluss auf den Umsatz f\u00fcr die Hersteller zu garantieren. Und dieses Gesch\u00e4ft m\u00f6chte man nur ungern an Apotheker und Assistenzpersonal abgeben.<\/p>\n<p><strong>\u00dcbrigens: Wenn Sie solche Informationen interessieren, dann fordern Sie unbedingt meinen kostenlosen Praxis-Newsletter dazu an:<\/strong><br \/>\n<script type=\"text\/javascript\" src=\"https:\/\/rene-graeber.de\/view_webform_v2.js?u=v9&#038;webforms_id=pDDkW\"><\/script><\/p>\n<h2>Widerstand gegen die Impfpflicht vom: \u00c4rztepr\u00e4sident<\/h2>\n<p>Der \u201eMerkur\u201c<a href=\"#_ftn2\" name=\"_ftnref2\">[2]<\/a> f\u00fchrt auf seiner Webseite eine Art Protokoll des Widerstands gegen die geplante Impfpflicht.<\/p>\n<p>Einer der heftigsten Verteidiger f\u00fcr gegen die Impfpflicht ohne Zwang mit Aufkl\u00e4rung und mit ohne Bu\u00dfgeld &#8211; ja, was denn jetzt?\u00a0 &#8211; ist der \u00c4rztepr\u00e4sident Montgomery.<\/p>\n<p>Denn der will Strafen, falls die Impfpflicht eingef\u00fchrt wird. Dann aber f\u00e4llt ihm ein, dass so eine Impfpflicht nur schwer umzusetzen ist. Und weil das so schwer ist, sollte man es sich vielleicht doch noch mal \u00fcberlegen \u2026 Immerhin sieht es nach Polizeistaat aus, wenn man Kinder (in Handschellen?) zum Impftermin schleppt.<\/p>\n<p>Also ist Aufkl\u00e4rung doch besser als Handschellen. Aber dann f\u00e4llt ihm ein: \u201eSie werden dar\u00fcber hinaus aber auch an einigen Strafen nicht vorbeikommen.\u201c Ja, was denn jetzt?<\/p>\n<p>Und dann geht es wieder r\u00fcckw\u00e4rts, weil es vielleicht doch schwerwiegende Gr\u00fcnde gegen Impfungen geben k\u00f6nnte. Wie diese aussehen, das kann man sich vorstellen. Jedenfalls sind es keine wissenschaftlich begr\u00fcndeten Bedenken, sondern Ausnahmen, die das Medizingesch\u00e4ft nicht weiter st\u00f6ren w\u00fcrden. Im Gegenteil, diese Ausnahmen nicht zu konstatieren k\u00f6nnte zu so einer St\u00f6rung f\u00fchren, besonders wenn die massenhaften Zwangsimpfungen zu mehr Nebenwirkungen f\u00fchren.<\/p>\n<p>Der Vorschlag von Montgomery, wie dies zu bewerkstelligen sei, ist an L\u00e4cherlichkeit kaum zu \u00fcberbieten: Er erinnert sich an die Zeiten, wo es noch die allgemeine Wehrpflicht gab und Kommissionen, die das Gewissen der Kriegsdienstverweigerer zu pr\u00fcfen hatten.<\/p>\n<p>Eine solche Kommission, die es heute f\u00fcr den Wehrdienst nicht mehr gibt, will Montgomery als Begleitinstrument der Impfpflicht implementiert sehen. Es ist absolut grotesk zu sehen, wie hier \u00c4pfel mit Birnen gepaart werden. Dienst mit der Waffe und Dienst mit der Spritze durch eine Kommission begutachten zu lassen, dieser Vorschlag zeigt, welches Niveau die Schulmedizin inzwischen erreicht hat. Wissenschaftliche Kompetenz sieht anders aus, auch wenn es sich um die Er\u00f6rterung von sozialpolitischen Fragestellungen handelt.<\/p>\n<h3>Massiver Widerstand von \u201e\u00c4rzte f\u00fcr individuelle Impfentscheidung e.V.\u201c<\/h3>\n<p>Hier handelt es sich um \u00c4rzte<a href=\"#_ftn3\" name=\"_ftnref3\">[3]<\/a>, die sich \u201e<em>f\u00fcr das Fortbestehen einer freien Impfentscheidung jedes Einzelnen nach umfassender \u00e4rztlicher Aufkl\u00e4rung und eigener Urteilsbildung<\/em>\u201c einsetzen.<\/p>\n<p>Wie das \u201eMasernschutzgesetz\u201c (die verkappte Einf\u00fchrung der Impfpflicht) aussieht und welche Ma\u00dfnahmen der e. V. durchf\u00fchren will, um die Verabschiedung des Gesetzes im Bundestag zu verhindern, l\u00e4sst sich auf dieser Webseite nachlesen (sehr empfehlenswert!): <a href=\"https:\/\/web.archive.org\/web\/20210622070631\/https:\/\/www.individuelle-impfentscheidung.de\/impfpflicht\/masernschutzgesetz-vom-kabinett-verabschiedet-aber-was-machen-wir-denn-jetzt.html\" target=\"_blank\" rel=\"noopener\">&#8222;Masernschutzgesetz&#8220; vom Kabinett verabschiedet &#8211; aber&#8230;. was machen wir denn jetzt?<\/a><\/p>\n<p>Laut dem \u201eMerkur\u201c kritisieren die \u00c4rzte f\u00fcr die individuelle Impfentscheidung, dass eine Impfpflicht an den Ursachen der Masernausbr\u00fcche vorbeigehe und zudem verfassungswidrig sei. Noch interessanter ist die Aussage, dass es in Sachen Masernimpfung bereits eine Impfquote von 97 Prozent gibt.<\/p>\n<p>Dies gilt f\u00fcr die erste Masernimpfung. Ich frage mich sofort, fast reflexartig, warum es bei einer so hohen Impfquote noch zu \u201eAusbr\u00fcchen\u201c kommen kann, wenn diese Ma\u00dfnahme klinisch relevant ist?<\/p>\n<p>Darum also eine zweite Impfung, weil die erste nicht funktioniert?<\/p>\n<p>Laut unserer \u00c4rztegruppe wird die zweite Impfung \u201eohnehin in ihrer Bedeutung \u00fcbersch\u00e4tzt\u201c, was ich so interpretiere, dass eine weitere Impfung auch nicht vor Ausbr\u00fcchen sch\u00fctzen hilft. Es wird noch \u201ebesser\u201c, wenn es um die \u201eHerdenimmunit\u00e4t\u201c geht. Denn hier geben die \u00c4rzte zu, dass der Effekt der zweiten Impfung auf die Herdenimmunit\u00e4t umstritten ist.<\/p>\n<h5>Ich sehe das so: Wenn die erste Impfung nicht wirkt, wo soll dann eine Herdenimmunit\u00e4t herkommen?<\/h5>\n<p>Das einzig herdenartige an der Herdenimmunit\u00e4t ist der eingeforderte Glaube der Herde, an die Impfpflicht zu glauben. Amen!<\/p>\n<p>F\u00fcr die \u00c4rzte f\u00fcr die individuelle Impfentscheidung steht jedenfalls fest, dass der \u201eSpahnische\u201c Entwurf zur Impfpflicht eine Einschr\u00e4nkung von Grundrechten ist, gegen die man sich ausdr\u00fccklich und, wenn n\u00f6tig, auch mit rechtlichen Mitteln zu wehren gedenkt.<\/p>\n<p><strong>\u00dcbrigens: Wenn Sie solche Informationen interessieren, dann fordern Sie unbedingt meinen kostenlosen Praxis-Newsletter dazu an:<\/strong><br \/>\n<script type=\"text\/javascript\" src=\"https:\/\/rene-graeber.de\/view_webform_v2.js?u=v9&#038;webforms_id=pDDkW\"><\/script><\/p>\n<h3>Noch einmal der \u00c4rztepr\u00e4sident &#8222;Hin-und-her-Montgomery&#8220;<\/h3>\n<p>Zum schlechten Schluss noch einmal einige Spezialit\u00e4ten von Bundes\u00e4rztekammer-Pr\u00e4sident Montgomery, der auch hier sein Meinungs-hin-und-her fortsetzt. Diesmal ist er gegen den \u201eSpahnischen\u201c Entwurf, ohne aber (zu mindestens laut \u201eMerkur\u201c) ein medizinisches oder wissenschaftliches Argument gegen die Einf\u00fchrung dieses Gesetz vorbringen zu k\u00f6nnen.<\/p>\n<p>F\u00fcr ihn ist der Gesetzentwurf abschl\u00e4gig zu bescheiden, da Spahn \u201evorprescht ohne die Folgen vor Augen zu haben\u201c, dass es sich hier um reinen \u201eAktionismus\u201c handelt etc. Und noch andere Projekte vom Bundesgesundheitspapst geraten auf einmal in die Schusslinie seiner Kritik.<\/p>\n<p>Da muss man sich fragen, warum Montgomery diese negative Haltung an den Tag legt. Denn er ist ein \u00fcberzeugter Bef\u00fcrworter der Impfpflicht, der sogar \u201eImpfdienstverweigerer\u201c mit Strafzahlungen belegt sehen m\u00f6chte.<\/p>\n<p>Oder wird er sich heute Nacht besinnen und morgen wieder eine Kampagne f\u00fcr die Impfpflicht unterst\u00fctzen?<\/p>\n<p>Jedenfalls ist Montgomery sicherlich kein \u00fcberzeugter Gegner einer Impfpflicht im Sinne der \u00c4rzte f\u00fcr eine individuelle Impfentscheidung. Das zeigt ein Artikel der Zeitung \u201eDeutschland Kurier\u201c<a href=\"#_ftn4\" name=\"_ftnref4\">[4]<\/a>, bei dem es hei\u00dft, dass unser Hin-und-her-Pr\u00e4sident impfkritische Mediziner aus der Patientenversorgung herausnehmen will.<\/p>\n<p>Da die \u00c4rztekammer die Zulassung nicht stornieren darf\/kann, stellt er sich vor, dass impfkritische \u00c4rzte \u201ein einem anderen Bereich t\u00e4tig werden\u201c. Das hei\u00dft Labor, Gutachterarbeit etc. &#8211; auf jeden Fall eine Arbeit, wo kein Kontakt zum Patienten mehr besteht.<\/p>\n<h3>Sch\u00f6ne neue Welt<\/h3>\n<p>Es ist soweit. Sie ist da &#8211; die sch\u00f6ne neue Welt. Wer sich als Patient gegen die Impfpflicht stellt, der darf mit empfindlichen Geldstrafen rechnen. Wer sich als Arzt gegen die Impfpflicht stellt, der darf mit einer Verbannung in den klinischen Steinbruch rechnen. Die Fassade, die diese \u00fcblen Machenschaften zu \u00fcbert\u00fcnchen hat, sind Gesetz und Aufkl\u00e4rungsarbeit, die mit Aufkl\u00e4rung nicht das Mindeste zu tun hat, sondern ganz im Geiste von totalit\u00e4ren Gesellschaften Ideologie und Gehirnw\u00e4sche anwendet.<\/p>\n<p>Wenn Geldbu\u00dfen, Steinbruch und Gehirnw\u00e4sche sich als nicht effektiv erweisen, was folgt dann? Werden wir dann doch eines Tages von der Polizei in Handschellen zur Impfung abgef\u00fchrt? Bekommen wir Berufsverbot, nicht nur als Arzt, wenn wir Nein zur Impfung sagen? Oder werden wir eines Tages zu den M\u00f6rdern und Totschl\u00e4gern eingesperrt, da irgend so ein \u201eSp\u00e4hnchen\u201c per Gesetz bestimmt hat, dass Impfgegner \u00e4hnlich verantwortungslos und gef\u00e4hrlich sind wie M\u00f6rder und Totschl\u00e4ger?<\/p>\n<p>Sp\u00e4testens an dem Tag, an dem Herr Spahn von der Politik zur Industrie wechselt, wissen wir, warum dies alles in Gang gesetzt worden ist und f\u00fcr wen das (ausschlie\u00dflich) gut war. Aber auch schon vorher d\u00fcrfte er das uneingeschr\u00e4nkte Vertrauen der Pharmaindustrie genie\u00dfen.<\/p>\n<h3>Fazit<\/h3>\n<p>Widerstand macht sich breit gegen die Einf\u00fchrung der Impfpflicht \u00fcber ein \u201eMasernschutzgesetz\u201c, jetzt auch in den Kreisen der Schulmedizin. Die Gr\u00fcnde f\u00fcr die Gegnerschaft sind unterschiedlich. Der \u00c4rzte-Pr\u00e4sident Montgomery ist zwar ein Bef\u00fcrworter der Impfpflicht, aber ein Gegner von Bundesgesundheitsminister Spahn, aus welchem Grund auch immer.<\/p>\n<p>Jedenfalls sind es keine medizinischen oder wissenschaftlichen Erw\u00e4gungen, die f\u00fcr die Gegnerschaft eine Rolle spielen w\u00fcrden. Vielleicht f\u00fchlt sich der \u00c4rzte-Pr\u00e4sident in diesem Impfpflicht-Prozedere nicht ausreichend mit einbezogen, was seine hin und her, auf und ab Argumentation erkl\u00e4ren w\u00fcrde.<\/p>\n<p>Anders der e. V. der \u00c4rzte f\u00fcr eine individuelle Impfentscheidung, die die Eigenverantwortlichkeit der Patienten ernst zu nehmen scheinen. Ich halte diese \u00c4rzte nicht unbedingt f\u00fcr Impfgegner oder Impfskeptiker. Vielmehr ist diesen \u00c4rzten zugute zu halten, dass sie die Pers\u00f6nlichkeitsrechte der Patienten respektieren, auch wenn sie vielleicht nicht unbedingt der gleichen Meinung sind.<\/p>\n<h3>\u00dcbrigens<\/h3>\n<p>Dies ist jetzt der zweite Fall in der j\u00fcngsten Vergangenheit, wo Schulmediziner sich gegen staatliche Ma\u00dfnahmen aussprechen. Der andere Fall j\u00fcngst war die Diskussion um die Einf\u00fchrung der 5G-Mobilfunktechnologie. Auch hier fordern <a href=\"https:\/\/naturheilt.com\/blog\/aerzte-fordern-baustopp-fuer-5g\/\" target=\"_blank\" rel=\"noopener\">\u00c4rzte den Baustopp f\u00fcr 5G Mobilfunk-Technologie<\/a>.<\/p>\n<p>Nicht nur die, sondern auch <a href=\"https:\/\/renegraeber.de\/blog\/5g-mobilfunk-180-wissenschaftler-fordern-stopp\/\">180 Wissenschaftler aus 36 L\u00e4ndern fordern einen Stopp des Ausbaus<\/a><\/p>\n<p><strong>\u00dcbrigens: Wenn Sie so etwas interessiert, dann fordern Sie unbedingt meinen kostenlosen Newsletter<br \/>\n&#8222;Hoffnung bei Krebs&#8220; dazu an:<\/strong><\/p>\n<p><script type=\"text\/javascript\" src=\"https:\/\/rene-graeber.de\/view_webform_v2.js?u=v9&#038;webforms_id=pL1Ki\" data-webform-id=\"pL1Ki\"><\/script><\/p>\n<p>Quellen:<\/p>\n<ul>\n<li><a style=\"background-color: #ffffff;\" href=\"#_ftnref1\" name=\"_ftn1\">[1]<\/a><a style=\"background-color: #ffffff;\" href=\"https:\/\/www.pharmazeutische-zeitung.de\/aerzte-ueben-massiv-kritik\/\" target=\"_blank\" rel=\"noopener\">\u00a0\u00a0\u00a0\u00a0 Impfen in der Apotheke: \u00c4rzte \u00fcben massiv Kritik | Pharmazeutische Zeitung<\/a><\/li>\n<li><a href=\"#_ftnref2\" name=\"_ftn2\">[2]<\/a><a href=\"https:\/\/www.merkur.de\/politik\/masern-impfpflicht-aerzte-ueben-massive-kritik-an-spahn-zr-12251003.html?fbclid=IwAR3hsu0Kz8UmvolSfEO8ROCRdaJ73GWxqHSnynyc-jHzvA4NTpuTNy4xeY8\" target=\"_blank\" rel=\"noopener\">\u00a0\u00a0\u00a0\u00a0 Masern-Impfpflicht: \u00c4rzte \u00fcben massive Kritik an Spahn | Politik<\/a><\/li>\n<li><a href=\"#_ftnref3\" name=\"_ftn3\">[3]<\/a><a href=\"https:\/\/www.individuelle-impfentscheidung.de\/der-verein\/satzung.html\" target=\"_blank\" rel=\"noopener\">\u00a0\u00a0\u00a0\u00a0 Satzung<\/a><\/li>\n<li><a href=\"#_ftnref4\" name=\"_ftn4\">[4]<\/a>\u00a0\u00a0\u00a0\u00a0 Bundes\u00e4rztekammerpr\u00e4sident will impfkritische Mediziner aus Patientenversorgung nehmen \u2013 Deutschland-KURIER<\/li>\n<li>Beitragsbild: stockexpert.com<\/li>\n<\/ul>\n","protected":false},"excerpt":{"rendered":"<p>Die Masernimpfung und die Impfpflicht sind gegenw\u00e4rtig ein Gespr\u00e4chsstoff ohne Ende. Grund daf\u00fcr sind schon lange keine wissenschaftlichen Dispute mehr wie zum Beispiel \u00fcber Sinn oder Unsinn, Sicherheit oder Effektivit\u00e4t etc. dieser Impfung im Speziellen und Impfungen im Allgemeinen. Heute diskutiert man nur noch \u00fcber das Wie und Wann einer Impfpflicht gegen Masern. Denn die [&hellip;]<\/p>\n","protected":false},"author":1,"featured_media":1367,"comment_status":"open","ping_status":"open","sticky":false,"template":"","format":"standard","meta":{"footnotes":""},"categories":[7],"tags":[105,18,48,106],"class_list":["post-1833","post","type-post","status-publish","format-standard","has-post-thumbnail","hentry","category-gesundheit","tag-impfen","tag-impfungen","tag-schulmedizin","tag-stiko"],"_links":{"self":[{"href":"https:\/\/renegraeber.de\/blog\/wp-json\/wp\/v2\/posts\/1833","targetHints":{"allow":["GET"]}}],"collection":[{"href":"https:\/\/renegraeber.de\/blog\/wp-json\/wp\/v2\/posts"}],"about":[{"href":"https:\/\/renegraeber.de\/blog\/wp-json\/wp\/v2\/types\/post"}],"author":[{"embeddable":true,"href":"https:\/\/renegraeber.de\/blog\/wp-json\/wp\/v2\/users\/1"}],"replies":[{"embeddable":true,"href":"https:\/\/renegraeber.de\/blog\/wp-json\/wp\/v2\/comments?post=1833"}],"version-history":[{"count":2,"href":"https:\/\/renegraeber.de\/blog\/wp-json\/wp\/v2\/posts\/1833\/revisions"}],"predecessor-version":[{"id":5817,"href":"https:\/\/renegraeber.de\/blog\/wp-json\/wp\/v2\/posts\/1833\/revisions\/5817"}],"wp:featuredmedia":[{"embeddable":true,"href":"https:\/\/renegraeber.de\/blog\/wp-json\/wp\/v2\/media\/1367"}],"wp:attachment":[{"href":"https:\/\/renegraeber.de\/blog\/wp-json\/wp\/v2\/media?parent=1833"}],"wp:term":[{"taxonomy":"category","embeddable":true,"href":"https:\/\/renegraeber.de\/blog\/wp-json\/wp\/v2\/categories?post=1833"},{"taxonomy":"post_tag","embeddable":true,"href":"https:\/\/renegraeber.de\/blog\/wp-json\/wp\/v2\/tags?post=1833"}],"curies":[{"name":"wp","href":"https:\/\/api.w.org\/{rel}","templated":true}]}}