{"id":1461,"date":"2018-02-10T10:20:29","date_gmt":"2018-02-10T09:20:29","guid":{"rendered":"https:\/\/renegraeber.de\/blog\/?p=1461"},"modified":"2018-02-10T10:20:29","modified_gmt":"2018-02-10T09:20:29","slug":"zahlentrickser-und-die-falsche-zeit","status":"publish","type":"post","link":"https:\/\/renegraeber.de\/blog\/zahlentrickser-und-die-falsche-zeit\/","title":{"rendered":"Die Zahlentrickser &#8211; Oder: Wie wir an der Nase herumgef\u00fchrt werden"},"content":{"rendered":"<p>Die Zahlentrickser: Wie Schulmedizin, Pharmaindustrie und Politik uns an der Nase herumf\u00fchren.<\/p>\n<p>Das war ein Beitrag, den ich hier im Blog bereits einmal ver\u00f6ffentlichte. Und daran hat sich nichts ge\u00e4ndert!<\/p>\n<div class='avia-iframe-wrap'>\n<blockquote class=\"wp-embedded-content\" data-secret=\"qPb8lwC7iO\"><p><a href=\"https:\/\/renegraeber.de\/blog\/zahlentrickser-schulmedizin-pharmaindustrie-politik\/\">Die Zahlentrickser: Wie Schulmedizin, Pharmaindustrie und Politik uns an der Nase herumf\u00fchren<\/a><\/p><\/blockquote>\n<p><iframe loading=\"lazy\" class=\"wp-embedded-content\" sandbox=\"allow-scripts\" security=\"restricted\" style=\"position: absolute; visibility: hidden;\" title=\"&#8222;Die Zahlentrickser: Wie Schulmedizin, Pharmaindustrie und Politik uns an der Nase herumf\u00fchren&#8220; &#8212; Ren\u00e9 Gr\u00e4ber - Der Blog\" src=\"https:\/\/renegraeber.de\/blog\/zahlentrickser-schulmedizin-pharmaindustrie-politik\/embed\/#?secret=VRSJHKTIxs#?secret=qPb8lwC7iO\" data-secret=\"qPb8lwC7iO\" width=\"600\" height=\"338\" frameborder=\"0\" marginwidth=\"0\" marginheight=\"0\" scrolling=\"no\"><\/iframe><\/div>\n<p>Ich bringe diesen Beitrag auch im Zusammenhang mit der Diskussion um die falsche Zeit (genannt &#8222;Sommer-Zeit&#8220;). Man hat es geschafft hat, die Menschen von der Natur und den Naturgesetzen fast v\u00f6llig zu entfremden.<\/p>\n<p><!--more--><\/p>\n<p>Im letzten Newsletter bat ich ja darum, an unsere Volksdiener in Br\u00fcssler heranzutreten und diesen zu\u00a0schreiben. Einen ganz herzlichen Dank an alle, die das auch gemacht haben!<\/p>\n<p>Zur Abstimmung im EU-Parlament bez\u00fcglich der Zeitumstellung am Donnerstag, den 8.2.2017 hier ein Statement des Europaabgeordneten Dr. Dieter-Lebrecht Koch, stellvertretender Vorsitzender des Verkehrsausschusses:<\/p>\n<p style=\"padding-left: 40px;\">\u201eDie Zeitumstellung spart weder Energie noch ist sie von den Menschen gewollt, denn 20 % der EU-B\u00fcrger leiden erheblich unter den Auswirkungen der Zeitumstellung. Etwa vierhundert Millionen Europ\u00e4ern ist es ziemlich egal, ob es die Zeitumstellung gibt oder nicht, denn sie leiden nicht unter ihr. Die einhundert Millionen, die unter ihr leiden, leiden allerdings zum Gro\u00dfteil ganz extrem.<\/p>\n<p style=\"padding-left: 40px;\">Ich k\u00e4mpfe seit Jahren um die Abschaffung der Zeitumstellung, weil es den 80 % der EU-Bev\u00f6lkerung dadurch nicht schlechter, aber den 20 % viel besser geht und Naturgesetze einfach st\u00e4rker sind als die von Menschen gemachten! Deshalb bin ich zwar entt\u00e4uscht, dass die urspr\u00fcngliche Entschlie\u00dfung des Verkehrsausschusses, die eine direkte Abschaffung der Zeitumstellung von der EU-Kommission fordert, nicht durchgegangen ist.<\/p>\n<p style=\"padding-left: 40px;\">Gleichzeitig freue ich mich sehr, dass wir wenigstens eine Entschlie\u00dfung verabschieden konnten, die die EU-Kommission dazu aufruft, sich mit der Thematik nochmals verst\u00e4rkt auseinanderzusetzen und f\u00fcr eine transparente Aufbereitung bestehender und neuer Studien bzw. Gutachten zu sorgen. Das Thema ist nun in aller Munde und das ist ein kleiner Erfolg, der vor allem ein Schritt in die richtige Richtung ist!&#8220;<\/p>\n<p><strong>\u00dcbrigens: Wenn Sie solche Informationen interessieren, dann fordern Sie unbedingt meinen kostenlosen Praxis-Newsletter &#8222;Unabh\u00e4ngig. Nat\u00fcrlich. Klare Kante.&#8220; dazu an:<\/strong><br \/>\n<script type=\"text\/javascript\" src=\"https:\/\/rene-graeber.de\/view_webform_v2.js?u=v9&#038;webforms_id=pL1KE\"><\/script><\/p>\n<p><strong>Meine Stellungnahme dazu:<\/strong><\/p>\n<p>Zun\u00e4chst herzlichen Dank an Dr. Koch, denn er ist einer der Wenigen, die sich f\u00fcr die Abschaffung der Zeitumstellung und Beibehaltung der Normalzeit einsetzen.<\/p>\n<p>Angeblich sollen 80% nichts von der Zeitumstellung &#8222;merken&#8220;. Diese 80% sitzen einem gewaltigen Irrtum auf, denn auch diese Leiden unter dem sozialen Jetlag und damit unter dem falschen Zeitsignal (=Stress), sowie einem chronischen Schlafmangel, der sich dauerhaft negativ auf die Gesundheit auswirkt.\u00a0Ich hatte die letzten Jahre ausf\u00fchrlich dazu berichtet. Insofern sind die 20% die es direkt &#8222;merken&#8220; die Spitze eines Eisbergs!<\/p>\n<p>Dr. Koch hat Recht, dass wir die Entschlie\u00dfung des EU-Parlaments dennoch als Erfolg werten k\u00f6nnen, denn das Thema ist jetzt auf der &#8222;Tagesordnung&#8220;. Es gilt jetzt (schon wieder!) Aufkl\u00e4rung zu leisten und das Thema weiter voranzubringen.<\/p>\n<p>Ich werde weiter dazu berichten und einmal ver\u00f6ffentlichen, welche v\u00f6llig sinnfreie Antworten wir von unseren Volksdienern in Br\u00fcssel bekommen haben.<\/p>\n<p>Und es gibt tats\u00e4chlich noch Millionen Menschen, die glauben, dass es im Sommer durch die MESZ l\u00e4nger hell sei. Nein, ist es nicht! Wir haben nur die Uhren verstellt. Dadurch erleiden wir eine dauerhaften sozialen Jetlag, der sich als Stress auf unsere Zellen auswirkt. Zudem gehen die Menschen sp\u00e4ter schlafen und erleiden dadurch einen Schlafmangel, den sie auch am Wochenende nicht mehr aufholen.<\/p>\n<p><a href=\"http:\/\/www.besser-gesund-schlafen.com\/\" target=\"_blank\" rel=\"noopener\">Wir haben mittlerweile 78% der Menschen zwischen 18 und 65 mit Schlafst\u00f6rungen<\/a>, sowie eine Zunahme der chronischen Erkrankungen ohne Beispiel. Und da kommen mir hier eine Menge Menschen die das &#8222;L\u00e4uten&#8220; schon nicht mehr h\u00f6ren und weiterhin auf der falschen Zeit bestehen?<\/p>\n<p>Leute! Die Sommerzeit ist eine Jahreszeit, ebenso die Winterzeit. Die Normalzeit (die wir jetzt haben) ist ann\u00e4hernd &#8222;richtig&#8220;. Das Naturgesetz lautet: Um 12 Uhr steht die Sonne am h\u00f6chsten.<br \/>\nUnd kommt mir blo\u00df nicht mit dem &#8222;Unfug&#8220;: &#8222;Mir macht das nichts aus!&#8220;. Das Glaube ich nur denjenigen, die wirklich gesund sind, keinerlei Schmerzen haben und sich rundum vital f\u00fchlen. Na??? Wie viele sind jetzt noch &#8222;dabei&#8220;?<\/p>\n<p>Man hat Millionen Menschen mit dem &#8222;Marketingtrick Sommerzeit&#8220; einen pathogenen Faktor als etwas scheinbar N\u00fctzliches verkauft.<\/p>\n<p>Da kann ich nur noch auf meinen letzten Beitrag hier im Blog\u00a0&#8222;<a href=\"https:\/\/renegraeber.de\/blog\/wir-werden-immer-duemmer\/\">Die v\u00f6llig verbl\u00f6dende Gesellschaft&#8220;<\/a> verweisen.<\/p>\n<p>Noch etwas: Wem das hier zu &#8222;dogmatisch&#8220; erscheint, muss es nicht lesen. Ich sehe das &#8222;t\u00e4gliche Elend&#8220; ja in der Praxis, inklusive der &#8222;Durchbr\u00fcche&#8220; unserer klassischen Medizin (=Schulmedizin, Allopathie), vor allem bei\u00a0den chronischen Erkrankungen. Wo sind denn die ganzen Gesunden und die Geheilten? Wo sind all die Gesunden und Vitalen, denen die falsche Zeit von April bis Oktober angeblich nichts ausmacht? Denken Sie einfach mal dar\u00fcber nach!<\/p>\n<p><strong>\u00dcbrigens: Wenn Sie solche Informationen interessieren, dann fordern Sie unbedingt meinen kostenlosen Praxis-Newsletter dazu an:<\/strong><br \/>\n<script type=\"text\/javascript\" src=\"https:\/\/rene-graeber.de\/view_webform_v2.js?u=v9&#038;webforms_id=pDDkW\"><\/script><\/p>\n<p>Beitragsbild: fotolia<\/p>\n","protected":false},"excerpt":{"rendered":"<p>Die Zahlentrickser: Wie Schulmedizin, Pharmaindustrie und Politik uns an der Nase herumf\u00fchren. Das war ein Beitrag, den ich hier im Blog bereits einmal ver\u00f6ffentlichte. Und daran hat sich nichts ge\u00e4ndert! Die Zahlentrickser: Wie Schulmedizin, Pharmaindustrie und Politik uns an der Nase herumf\u00fchren Ich bringe diesen Beitrag auch im Zusammenhang mit der Diskussion um die falsche [&hellip;]<\/p>\n","protected":false},"author":1,"featured_media":1871,"comment_status":"open","ping_status":"open","sticky":false,"template":"","format":"standard","meta":{"footnotes":""},"categories":[7],"tags":[94],"class_list":["post-1461","post","type-post","status-publish","format-standard","has-post-thumbnail","hentry","category-gesundheit","tag-zeitumstellung"],"_links":{"self":[{"href":"https:\/\/renegraeber.de\/blog\/wp-json\/wp\/v2\/posts\/1461","targetHints":{"allow":["GET"]}}],"collection":[{"href":"https:\/\/renegraeber.de\/blog\/wp-json\/wp\/v2\/posts"}],"about":[{"href":"https:\/\/renegraeber.de\/blog\/wp-json\/wp\/v2\/types\/post"}],"author":[{"embeddable":true,"href":"https:\/\/renegraeber.de\/blog\/wp-json\/wp\/v2\/users\/1"}],"replies":[{"embeddable":true,"href":"https:\/\/renegraeber.de\/blog\/wp-json\/wp\/v2\/comments?post=1461"}],"version-history":[{"count":0,"href":"https:\/\/renegraeber.de\/blog\/wp-json\/wp\/v2\/posts\/1461\/revisions"}],"wp:featuredmedia":[{"embeddable":true,"href":"https:\/\/renegraeber.de\/blog\/wp-json\/wp\/v2\/media\/1871"}],"wp:attachment":[{"href":"https:\/\/renegraeber.de\/blog\/wp-json\/wp\/v2\/media?parent=1461"}],"wp:term":[{"taxonomy":"category","embeddable":true,"href":"https:\/\/renegraeber.de\/blog\/wp-json\/wp\/v2\/categories?post=1461"},{"taxonomy":"post_tag","embeddable":true,"href":"https:\/\/renegraeber.de\/blog\/wp-json\/wp\/v2\/tags?post=1461"}],"curies":[{"name":"wp","href":"https:\/\/api.w.org\/{rel}","templated":true}]}}